{"id":78718,"date":"2026-01-24T00:11:41","date_gmt":"2026-01-24T06:11:41","guid":{"rendered":"https:\/\/politicosaldesnudo.com.mx\/?p=78718"},"modified":"2026-01-23T22:34:51","modified_gmt":"2026-01-24T04:34:51","slug":"inegi-se-prepara-para-primera-evaluacion-de-politica-social-de-mexico-revela-marquez-colin","status":"publish","type":"post","link":"https:\/\/politicosaldesnudo.com.mx\/index.php\/2026\/01\/24\/inegi-se-prepara-para-primera-evaluacion-de-politica-social-de-mexico-revela-marquez-colin\/","title":{"rendered":"Inegi se prepara para primera evaluaci\u00f3n de pol\u00edtica social de M\u00e9xico, revela M\u00e1rquez Col\u00edn"},"content":{"rendered":"<p class=\"nota-justify\">El Instituto Nacional de Estad\u00edstica y Geograf\u00eda (Inegi) se est\u00e1 preparando para realizar la primera evaluaci\u00f3n integral de la pol\u00edtica social de M\u00e9xico hacia agosto o septiembre de 2026, revel\u00f3 Graciela M\u00e1rquez Col\u00edn.<\/p>\n<p class=\"nota-justify\">La presidenta del Inegi explic\u00f3 que con las leyes secundarias de la Ley General de Desarrollo Social (LGDS), &#8211;las cuales definen las reglas de operaci\u00f3n de los programas y establecen los mecanismos de evaluaci\u00f3n&#8211;, qued\u00f3 separado la evaluaci\u00f3n de programas de la evaluaci\u00f3n integral de la pol\u00edtica social.<\/p>\n<p class=\"nota-justify\">\u201cEl Instituto har\u00e1 la evaluaci\u00f3n integral de la pol\u00edtica social. El Coneval (Consejo Nacional de Evaluaci\u00f3n de la Pol\u00edtica de Desarrollo Social), &#8211;que se extingui\u00f3 en 2025&#8211;, se estaba adentrando desde 2024 hacia las evaluaciones tem\u00e1ticas, y ya hab\u00eda evaluado programas sociales; pero tambi\u00e9n ya hab\u00eda empezado a hacer agrupamientos de evaluaciones. Esos son los antecedentes que queremos tomar, son los primeros pasos que queremos tomar para evaluar esto que se denomin\u00f3\u00a0la evaluaci\u00f3n integral de la pol\u00edtica social de M\u00e9xico\u201d, precis\u00f3 M\u00e1rquez Colin.<\/p>\n<p class=\"nota-justify\">Detall\u00f3 que est\u00e1n revisando el marco conceptual que les permitir\u00e1 evaluar una pol\u00edtica. \u201cEn M\u00e9xico no se han evaluado pol\u00edticas, se han evaluado programas\u201d.<\/p>\n<p class=\"nota-justify\">\u201cEn diciembre se tuvo un avance y en el primer trimestre de este a\u00f1o esperamos consolidar el marco conceptual, para hacer la evaluaci\u00f3n hacia el mes de agosto o septiembre\u201d, inform\u00f3 la presidenta del Inegi.<\/p>\n<p class=\"nota-justify\">Graciela M\u00e1rquez especific\u00f3 que la evaluaci\u00f3n de los programas sociales uno por uno, como Pensi\u00f3n para el Bienestar de las Personas Adultas Mayores; Pensi\u00f3n Mujeres Bienestar; Salud Casa por Casa; Beca Universal de Educaci\u00f3n B\u00e1sica Rita Cetina; J\u00f3venes Construyendo el Futuro, principalmente, estar\u00e1 a cargo de la subsecretar\u00eda de Egresos de la Secretar\u00eda de Hacienda (UPR), en el marco o conceptualmente en el ciclo presupuestal. Se da el dinero, se eval\u00faa, y se vuelve a dar el dinero.<\/p>\n","protected":false},"excerpt":{"rendered":"<p>El Instituto Nacional de Estad\u00edstica y Geograf\u00eda (Inegi) se est\u00e1 preparando para realizar la primera evaluaci\u00f3n integral de la pol\u00edtica<\/p>\n","protected":false},"author":4,"featured_media":78719,"comment_status":"closed","ping_status":"closed","sticky":false,"template":"","format":"standard","meta":{"colormag_page_container_layout":"default_layout","colormag_page_sidebar_layout":"default_layout","_jetpack_memberships_contains_paid_content":false,"footnotes":"","jetpack_publicize_message":"","jetpack_publicize_feature_enabled":true,"jetpack_social_post_already_shared":true,"jetpack_social_options":{"image_generator_settings":{"template":"highway","default_image_id":0,"font":"","enabled":false},"version":2}},"categories":[2050],"tags":[],"class_list":["post-78718","post","type-post","status-publish","format-standard","has-post-thumbnail","hentry","category-economia"],"jetpack_publicize_connections":[],"jetpack_featured_media_url":"https:\/\/i0.wp.com\/politicosaldesnudo.com.mx\/wp-content\/uploads\/2026\/01\/INGI.jpg?fit=1200%2C809&ssl=1","jetpack-related-posts":[],"jetpack_sharing_enabled":true,"_links":{"self":[{"href":"https:\/\/politicosaldesnudo.com.mx\/index.php\/wp-json\/wp\/v2\/posts\/78718","targetHints":{"allow":["GET"]}}],"collection":[{"href":"https:\/\/politicosaldesnudo.com.mx\/index.php\/wp-json\/wp\/v2\/posts"}],"about":[{"href":"https:\/\/politicosaldesnudo.com.mx\/index.php\/wp-json\/wp\/v2\/types\/post"}],"author":[{"embeddable":true,"href":"https:\/\/politicosaldesnudo.com.mx\/index.php\/wp-json\/wp\/v2\/users\/4"}],"replies":[{"embeddable":true,"href":"https:\/\/politicosaldesnudo.com.mx\/index.php\/wp-json\/wp\/v2\/comments?post=78718"}],"version-history":[{"count":0,"href":"https:\/\/politicosaldesnudo.com.mx\/index.php\/wp-json\/wp\/v2\/posts\/78718\/revisions"}],"wp:featuredmedia":[{"embeddable":true,"href":"https:\/\/politicosaldesnudo.com.mx\/index.php\/wp-json\/wp\/v2\/media\/78719"}],"wp:attachment":[{"href":"https:\/\/politicosaldesnudo.com.mx\/index.php\/wp-json\/wp\/v2\/media?parent=78718"}],"wp:term":[{"taxonomy":"category","embeddable":true,"href":"https:\/\/politicosaldesnudo.com.mx\/index.php\/wp-json\/wp\/v2\/categories?post=78718"},{"taxonomy":"post_tag","embeddable":true,"href":"https:\/\/politicosaldesnudo.com.mx\/index.php\/wp-json\/wp\/v2\/tags?post=78718"}],"curies":[{"name":"wp","href":"https:\/\/api.w.org\/{rel}","templated":true}]}}