{"id":78748,"date":"2026-01-20T22:54:36","date_gmt":"2026-01-21T04:54:36","guid":{"rendered":"https:\/\/politicosaldesnudo.com.mx\/?p=78748"},"modified":"2026-01-23T22:57:00","modified_gmt":"2026-01-24T04:57:00","slug":"caiga-quien-caiga-en-serio","status":"publish","type":"post","link":"https:\/\/politicosaldesnudo.com.mx\/index.php\/2026\/01\/20\/caiga-quien-caiga-en-serio\/","title":{"rendered":"Caiga quien caiga\u2026 \u00bfen serio?"},"content":{"rendered":"<p>Cuando el poder anuncia que ir\u00e1 \u201chasta el fondo\u201d, el periodista con memoria larga levanta una ceja. No por escepticismo gratuito, sino porque en Veracruz la frase se ha gastado a fuerza de repetirse sin consecuencias. Por eso, que la gobernadora Roc\u00edo Nahle Garc\u00eda haya ordenado investigar el saqueo de la Universidad Popular Aut\u00f3noma de Veracruz (UPAV) y que ya existan\u00a0<b>tres exfuncionarios detenidos<\/b>\u00a0no es un dato menor: es una se\u00f1al. Importante, s\u00ed. Suficiente, todav\u00eda no.<\/p>\n<p>La UPAV naci\u00f3 \u2014conviene recordarlo\u2014 durante el sexenio de Fidel Herrera y su primer rector fue el maestro Guillermo Z\u00fa\u00f1iga Mart\u00ednez con una vocaci\u00f3n social clara: abrir oportunidades de educaci\u00f3n superior a miles de j\u00f3venes excluidos del sistema tradicional. Ese origen explica, pero no justifica, el modelo h\u00edbrido y opaco que se toler\u00f3 durante a\u00f1os: fundaciones y asociaciones cobrando cuotas; docentes sin contrato; una n\u00f3mina administrativa pagada por el Estado; y una estructura perfecta para la discrecionalidad. El resultado fue una bomba de tiempo que estall\u00f3 cuando los maestros dejaron de cobrar y los estudiantes empezaron a pagar el desorden con su formaci\u00f3n.<\/p>\n<p>Aqu\u00ed hay un primer m\u00e9rito del gobierno actual:\u00a0<b>intervenir, investigar y denunciar<\/b>. La Unidad de Inteligencia Financiera del Estado rastre\u00f3 irregularidades, la Fiscal\u00eda Anticorrupci\u00f3n actu\u00f3 y un juez decidi\u00f3. No es poca cosa en una entidad donde la impunidad municipal y sectorial se volvi\u00f3 costumbre. El mensaje pol\u00edtico es claro: los desv\u00edos de recursos p\u00fablicos no ser\u00e1n perdonados. El mensaje c\u00edvico, m\u00e1s exigente: que no se seleccione a los responsables.<\/p>\n<p>Porque si la UPAV se investiga \u201ccaiga quien caiga\u201d, la lupa no puede quedarse en los primeros eslabones. El entramado descrito \u2014fundaciones, funcionarios, asesores, familiares en cargos clave\u2014 no se arma solo. Los nombres que hoy aparecen en expedientes y notas informativas deber\u00e1n sostenerse\u00a0<b>en pruebas, procesos y sentencias<\/b>, no en linchamientos. La presunci\u00f3n de inocencia es un principio democr\u00e1tico; la rendici\u00f3n de cuentas, una obligaci\u00f3n p\u00fablica. Ambas cosas pueden y deben coexistir.<\/p>\n<p>El caso exhibe, adem\u00e1s, un vicio estructural:\u00a0<b>la transici\u00f3n municipal como temporada de saqueo<\/b>. Cada cambio de administraci\u00f3n deja historias repetidas: arcas vac\u00edas, inventarios desaparecidos, llaves que \u201cno aparecen\u201d. La novedad \u2014y ojal\u00e1 la regla\u2014 es que varios alcaldes entrantes han presentado denuncias. Les quedan d\u00edas para hacerlo. No denunciar es convertirse en c\u00f3mplice por omisi\u00f3n. Y la ciudadan\u00eda ya no est\u00e1 para silencios convenientes.<\/p>\n<p>Hay otro frente que exige coherencia. Si el gobierno decide ir al fondo en la UPAV,\u00a0<b>la legalidad universitaria debe aplicarse sin excepciones<\/b>. El se\u00f1alamiento sobre la permanencia del rector de la Universidad Veracruzana, Mart\u00edn Aguilar S\u00e1nchez, pese a los cuestionamientos normativos y al rechazo de sectores de la comunidad, no es un capricho pol\u00edtico: es una exigencia de congruencia institucional. Las universidades no son feudos; se rigen por leyes y estatutos. Ignorarlos erosiona la autonom\u00eda que se dice defender. Tan simple como aplicar la Ley.<\/p>\n<p>El decreto enviado al Congreso para que la UPAV quede bajo control del Estado apunta a resolver la emergencia:\u00a0<b>certeza jur\u00eddica para m\u00e1s de 60 mil estudiantes y contratos dignos para docentes<\/b>. Bien. Pero la soluci\u00f3n de fondo exige algo m\u00e1s inc\u00f3modo:\u00a0<b>transparencia radical<\/b>, auditor\u00edas p\u00fablicas, reglas claras de financiamiento y una gobernanza que no dependa de intermediarios opacos. Si la fundaci\u00f3n a\u00fan tiene recursos, como afirma la gobernadora, que se pague a los maestros y se documente cada peso. La educaci\u00f3n no admite atajos.<\/p>\n<p>En pol\u00edtica, los gestos importan; en democracia,\u00a0<b>los resultados importan m\u00e1s<\/b>. Las detenciones iniciales son un inicio, no un final. El verdadero examen ser\u00e1 si la investigaci\u00f3n alcanza a todos los responsables \u2014sin importar cargo, cercan\u00eda o padrinazgos\u2014 y si el Poder Judicial act\u00faa con independencia. Veracruz no necesita frases fuertes; necesita\u00a0<b>instituciones que funcionen<\/b>.<\/p>\n<p>La ciudadan\u00eda observa. Y recuerda.\u00a0<b>Caiga quien caiga<\/b>\u00a0no debe ser un eslogan; debe ser un est\u00e1ndar. De lo contrario, volveremos a escribir la misma columna dentro de seis a\u00f1os, con nuevos nombres y la misma indignaci\u00f3n. Y eso, francamente, ser\u00eda el peor veredicto.<\/p>\n<p><img data-recalc-dims=\"1\" loading=\"lazy\" decoding=\"async\" class=\"aligncenter size-full wp-image-78697\" src=\"https:\/\/i0.wp.com\/politicosaldesnudo.com.mx\/wp-content\/uploads\/2026\/01\/FIRMA-EDITORIAL-PD-5.jpg?resize=800%2C98&#038;ssl=1\" alt=\"\" width=\"800\" height=\"98\" srcset=\"https:\/\/i0.wp.com\/politicosaldesnudo.com.mx\/wp-content\/uploads\/2026\/01\/FIRMA-EDITORIAL-PD-5.jpg?w=1024&amp;ssl=1 1024w, https:\/\/i0.wp.com\/politicosaldesnudo.com.mx\/wp-content\/uploads\/2026\/01\/FIRMA-EDITORIAL-PD-5.jpg?resize=300%2C37&amp;ssl=1 300w, https:\/\/i0.wp.com\/politicosaldesnudo.com.mx\/wp-content\/uploads\/2026\/01\/FIRMA-EDITORIAL-PD-5.jpg?resize=768%2C94&amp;ssl=1 768w\" sizes=\"auto, (max-width: 800px) 100vw, 800px\" \/><\/p>\n","protected":false},"excerpt":{"rendered":"<p>Cuando el poder anuncia que ir\u00e1 \u201chasta el fondo\u201d, el periodista con memoria larga levanta una ceja. No por escepticismo<\/p>\n","protected":false},"author":4,"featured_media":78331,"comment_status":"closed","ping_status":"closed","sticky":false,"template":"","format":"standard","meta":{"colormag_page_container_layout":"default_layout","colormag_page_sidebar_layout":"default_layout","_jetpack_memberships_contains_paid_content":false,"footnotes":"","jetpack_publicize_message":"","jetpack_publicize_feature_enabled":true,"jetpack_social_post_already_shared":true,"jetpack_social_options":{"image_generator_settings":{"template":"highway","default_image_id":0,"font":"","enabled":false},"version":2}},"categories":[26],"tags":[],"class_list":["post-78748","post","type-post","status-publish","format-standard","has-post-thumbnail","hentry","category-columnistas"],"jetpack_publicize_connections":[],"jetpack_featured_media_url":"https:\/\/i0.wp.com\/politicosaldesnudo.com.mx\/wp-content\/uploads\/2026\/01\/CRISTIANI-2.jpg?fit=800%2C445&ssl=1","jetpack-related-posts":[],"jetpack_sharing_enabled":true,"_links":{"self":[{"href":"https:\/\/politicosaldesnudo.com.mx\/index.php\/wp-json\/wp\/v2\/posts\/78748","targetHints":{"allow":["GET"]}}],"collection":[{"href":"https:\/\/politicosaldesnudo.com.mx\/index.php\/wp-json\/wp\/v2\/posts"}],"about":[{"href":"https:\/\/politicosaldesnudo.com.mx\/index.php\/wp-json\/wp\/v2\/types\/post"}],"author":[{"embeddable":true,"href":"https:\/\/politicosaldesnudo.com.mx\/index.php\/wp-json\/wp\/v2\/users\/4"}],"replies":[{"embeddable":true,"href":"https:\/\/politicosaldesnudo.com.mx\/index.php\/wp-json\/wp\/v2\/comments?post=78748"}],"version-history":[{"count":0,"href":"https:\/\/politicosaldesnudo.com.mx\/index.php\/wp-json\/wp\/v2\/posts\/78748\/revisions"}],"wp:featuredmedia":[{"embeddable":true,"href":"https:\/\/politicosaldesnudo.com.mx\/index.php\/wp-json\/wp\/v2\/media\/78331"}],"wp:attachment":[{"href":"https:\/\/politicosaldesnudo.com.mx\/index.php\/wp-json\/wp\/v2\/media?parent=78748"}],"wp:term":[{"taxonomy":"category","embeddable":true,"href":"https:\/\/politicosaldesnudo.com.mx\/index.php\/wp-json\/wp\/v2\/categories?post=78748"},{"taxonomy":"post_tag","embeddable":true,"href":"https:\/\/politicosaldesnudo.com.mx\/index.php\/wp-json\/wp\/v2\/tags?post=78748"}],"curies":[{"name":"wp","href":"https:\/\/api.w.org\/{rel}","templated":true}]}}