{"id":78756,"date":"2026-01-26T00:01:10","date_gmt":"2026-01-26T06:01:10","guid":{"rendered":"https:\/\/politicosaldesnudo.com.mx\/?p=78756"},"modified":"2026-01-25T19:03:56","modified_gmt":"2026-01-26T01:03:56","slug":"a-traves-de-talleres-de-capacitacion-dif-tuxpan-fortalece-el-autoempleo-el-emprendimiento-y-el-desarrollo-economico-de-las-familias","status":"publish","type":"post","link":"https:\/\/politicosaldesnudo.com.mx\/index.php\/2026\/01\/26\/a-traves-de-talleres-de-capacitacion-dif-tuxpan-fortalece-el-autoempleo-el-emprendimiento-y-el-desarrollo-economico-de-las-familias\/","title":{"rendered":"A trav\u00e9s de talleres de capacitaci\u00f3n, DIF Tuxpan fortalece el autoempleo, el emprendimiento y el desarrollo econ\u00f3mico de las familias"},"content":{"rendered":"<p>Como parte de las acciones de la nueva administraci\u00f3n del Sistema Municipal para el Desarrollo Integral de la Familia (DIF) Tuxpan que preside Marisol Mart\u00ednez Barrios, se han realizado una serie de talleres de capacitaci\u00f3n, con el objetivo de fortalecer el autoempleo, el emprendimiento y el desarrollo econ\u00f3mico de las familias tuxpe\u00f1as.<\/p>\n<p>Estos cursos est\u00e1n dise\u00f1ados para brindar conocimientos pr\u00e1cticos y herramientas que permitan a las y los participantes generar ingresos propios, mejorar su econom\u00eda familiar y desarrollar nuevas habilidades.<\/p>\n<p>Entre las capacitaciones que se han implementando destacan los talleres de panader\u00eda: rosca de reyes, cuernitos de mantequilla, bisquets y yoyos rellenos de zarzamora, adem\u00e1s de elaboraci\u00f3n de velas artesanales, llaveros de resina ep\u00f3xica y el m\u00e1s reciente de belleza en la modalidad de trenzas de diferentes tipos.<\/p>\n<p>La titular del organismo municipal se\u00f1al\u00f3 que estas acciones responden al compromiso del alcalde Daniel Cortina Mart\u00ednez de construir un DIF cercano a la gente, que impulse oportunidades reales de crecimiento y fomente la autonom\u00eda econ\u00f3mica, especialmente de mujeres y personas en situaci\u00f3n de vulnerabilidad.<\/p>\n<p>Asimismo, destac\u00f3 que la capacitaci\u00f3n es una herramienta clave para transformar vidas, ya que no solo ofrece conocimientos t\u00e9cnicos, sino que tambi\u00e9n fortalece la confianza, la creatividad y la posibilidad de emprender proyectos productivos desde el hogar o de manera comunitaria.<\/p>\n","protected":false},"excerpt":{"rendered":"<p>Como parte de las acciones de la nueva administraci\u00f3n del Sistema Municipal para el Desarrollo Integral de la Familia (DIF)<\/p>\n","protected":false},"author":4,"featured_media":78757,"comment_status":"closed","ping_status":"closed","sticky":false,"template":"","format":"standard","meta":{"colormag_page_container_layout":"default_layout","colormag_page_sidebar_layout":"default_layout","_jetpack_memberships_contains_paid_content":false,"footnotes":"","jetpack_publicize_message":"","jetpack_publicize_feature_enabled":true,"jetpack_social_post_already_shared":true,"jetpack_social_options":{"image_generator_settings":{"template":"highway","default_image_id":0,"font":"","enabled":false},"version":2}},"categories":[1082],"tags":[],"class_list":["post-78756","post","type-post","status-publish","format-standard","has-post-thumbnail","hentry","category-tuxpan"],"jetpack_publicize_connections":[],"jetpack_featured_media_url":"https:\/\/i0.wp.com\/politicosaldesnudo.com.mx\/wp-content\/uploads\/2026\/01\/WhatsApp-Image-2026-01-24-at-18.47.43-3.jpeg?fit=1600%2C1030&ssl=1","jetpack-related-posts":[],"jetpack_sharing_enabled":true,"_links":{"self":[{"href":"https:\/\/politicosaldesnudo.com.mx\/index.php\/wp-json\/wp\/v2\/posts\/78756","targetHints":{"allow":["GET"]}}],"collection":[{"href":"https:\/\/politicosaldesnudo.com.mx\/index.php\/wp-json\/wp\/v2\/posts"}],"about":[{"href":"https:\/\/politicosaldesnudo.com.mx\/index.php\/wp-json\/wp\/v2\/types\/post"}],"author":[{"embeddable":true,"href":"https:\/\/politicosaldesnudo.com.mx\/index.php\/wp-json\/wp\/v2\/users\/4"}],"replies":[{"embeddable":true,"href":"https:\/\/politicosaldesnudo.com.mx\/index.php\/wp-json\/wp\/v2\/comments?post=78756"}],"version-history":[{"count":0,"href":"https:\/\/politicosaldesnudo.com.mx\/index.php\/wp-json\/wp\/v2\/posts\/78756\/revisions"}],"wp:featuredmedia":[{"embeddable":true,"href":"https:\/\/politicosaldesnudo.com.mx\/index.php\/wp-json\/wp\/v2\/media\/78757"}],"wp:attachment":[{"href":"https:\/\/politicosaldesnudo.com.mx\/index.php\/wp-json\/wp\/v2\/media?parent=78756"}],"wp:term":[{"taxonomy":"category","embeddable":true,"href":"https:\/\/politicosaldesnudo.com.mx\/index.php\/wp-json\/wp\/v2\/categories?post=78756"},{"taxonomy":"post_tag","embeddable":true,"href":"https:\/\/politicosaldesnudo.com.mx\/index.php\/wp-json\/wp\/v2\/tags?post=78756"}],"curies":[{"name":"wp","href":"https:\/\/api.w.org\/{rel}","templated":true}]}}