{"id":78759,"date":"2026-01-26T00:02:29","date_gmt":"2026-01-26T06:02:29","guid":{"rendered":"https:\/\/politicosaldesnudo.com.mx\/?p=78759"},"modified":"2026-01-25T19:05:00","modified_gmt":"2026-01-26T01:05:00","slug":"pescadores-se-manifiestan-pacificamente","status":"publish","type":"post","link":"https:\/\/politicosaldesnudo.com.mx\/index.php\/2026\/01\/26\/pescadores-se-manifiestan-pacificamente\/","title":{"rendered":"Pescadores se manifiestan pac\u00edficamente"},"content":{"rendered":"<p>Durante una manifestaci\u00f3n pac\u00edfica en Tuxpan, los l\u00edderes de la agrupaci\u00f3n, entre ellos Enrique Ar\u00e1n Blanco, Pablo Ernesto Zamora S\u00e1nchez y \u00c1ngel D\u00edaz Ortega, expresaron un agradecimiento p\u00fablico a la Dra. Claudia Sheinbaum Pardo. Los voceros destacaron que, bajo su gesti\u00f3n, se logr\u00f3 concretar una licitaci\u00f3n p\u00fablica a trav\u00e9s de la CONAFOR, permitiendo que los pescadores locales \u2014quienes poseen el conocimiento del terreno\u2014 sean los encargados directos de las labores de restauraci\u00f3n.<\/p>\n<p>\u00abCon el gobierno de la 4T se est\u00e1 transformando la realidad de la comunidad pesquera no solo en el Golfo, sino tambi\u00e9n en el Mar Caribe y el Pac\u00edfico\u00bb, afirmaron los representantes.<\/p>\n<p>Asimismo, reconocieron el respaldo fundamental de la gobernadora de Veracruz, Roc\u00edo Nahle, y de la titular de la SEDEMA, Luz Mariela Zaleta Mendoza, por facilitar la integraci\u00f3n del sector pesquero en la agenda ambiental estatal.<\/p>\n<p>Informaron que este viernes se dar\u00e1 el \u00abbanderazo de salida\u00bb oficial en el puerto de Tuxpan. El proyecto es considerado un hito t\u00e9cnico y biol\u00f3gico, fundamentado en tres pilares que aseguran la supervivencia del sector a largo plazo, en comunidades como Tampamachoco, Ozuluama, Tamal\u00edn y Tamiahua, y este proyecto arranca con la promesa de devolverle al Golfo de M\u00e9xico su equilibrio natural de la mano de quienes mejor lo conocen: sus pescadores.<\/p>\n","protected":false},"excerpt":{"rendered":"<p>Durante una manifestaci\u00f3n pac\u00edfica en Tuxpan, los l\u00edderes de la agrupaci\u00f3n, entre ellos Enrique Ar\u00e1n Blanco, Pablo Ernesto Zamora S\u00e1nchez<\/p>\n","protected":false},"author":4,"featured_media":78760,"comment_status":"closed","ping_status":"closed","sticky":false,"template":"","format":"standard","meta":{"colormag_page_container_layout":"default_layout","colormag_page_sidebar_layout":"default_layout","_jetpack_memberships_contains_paid_content":false,"footnotes":"","jetpack_publicize_message":"","jetpack_publicize_feature_enabled":true,"jetpack_social_post_already_shared":true,"jetpack_social_options":{"image_generator_settings":{"template":"highway","default_image_id":0,"font":"","enabled":false},"version":2}},"categories":[1082],"tags":[],"class_list":["post-78759","post","type-post","status-publish","format-standard","has-post-thumbnail","hentry","category-tuxpan"],"jetpack_publicize_connections":[],"jetpack_featured_media_url":"https:\/\/i0.wp.com\/politicosaldesnudo.com.mx\/wp-content\/uploads\/2026\/01\/WhatsApp-Image-2026-01-25-at-11.52.19.jpg?fit=1276%2C960&ssl=1","jetpack-related-posts":[],"jetpack_sharing_enabled":true,"_links":{"self":[{"href":"https:\/\/politicosaldesnudo.com.mx\/index.php\/wp-json\/wp\/v2\/posts\/78759","targetHints":{"allow":["GET"]}}],"collection":[{"href":"https:\/\/politicosaldesnudo.com.mx\/index.php\/wp-json\/wp\/v2\/posts"}],"about":[{"href":"https:\/\/politicosaldesnudo.com.mx\/index.php\/wp-json\/wp\/v2\/types\/post"}],"author":[{"embeddable":true,"href":"https:\/\/politicosaldesnudo.com.mx\/index.php\/wp-json\/wp\/v2\/users\/4"}],"replies":[{"embeddable":true,"href":"https:\/\/politicosaldesnudo.com.mx\/index.php\/wp-json\/wp\/v2\/comments?post=78759"}],"version-history":[{"count":0,"href":"https:\/\/politicosaldesnudo.com.mx\/index.php\/wp-json\/wp\/v2\/posts\/78759\/revisions"}],"wp:featuredmedia":[{"embeddable":true,"href":"https:\/\/politicosaldesnudo.com.mx\/index.php\/wp-json\/wp\/v2\/media\/78760"}],"wp:attachment":[{"href":"https:\/\/politicosaldesnudo.com.mx\/index.php\/wp-json\/wp\/v2\/media?parent=78759"}],"wp:term":[{"taxonomy":"category","embeddable":true,"href":"https:\/\/politicosaldesnudo.com.mx\/index.php\/wp-json\/wp\/v2\/categories?post=78759"},{"taxonomy":"post_tag","embeddable":true,"href":"https:\/\/politicosaldesnudo.com.mx\/index.php\/wp-json\/wp\/v2\/tags?post=78759"}],"curies":[{"name":"wp","href":"https:\/\/api.w.org\/{rel}","templated":true}]}}