{"id":78765,"date":"2026-01-26T00:04:35","date_gmt":"2026-01-26T06:04:35","guid":{"rendered":"https:\/\/politicosaldesnudo.com.mx\/?p=78765"},"modified":"2026-01-25T19:07:07","modified_gmt":"2026-01-26T01:07:07","slug":"gran-noticia-para-tuxpan-se-anuncia-la-ampliacion-de-la-carretera-tihuatlan-tuxpan","status":"publish","type":"post","link":"https:\/\/politicosaldesnudo.com.mx\/index.php\/2026\/01\/26\/gran-noticia-para-tuxpan-se-anuncia-la-ampliacion-de-la-carretera-tihuatlan-tuxpan\/","title":{"rendered":"Gran noticia para Tuxpan: se anuncia la ampliaci\u00f3n de la carretera Tihuatl\u00e1n\u2013Tuxpan"},"content":{"rendered":"<p>Tuxpan recibe una de las noticias m\u00e1s relevantes para su desarrollo: la carretera Tihuatl\u00e1n\u2013Tuxpan ser\u00e1 ampliada de dos a cuatro carriles, una obra de gran impacto que fortalecer\u00e1 la conectividad, impulsar\u00e1 la econom\u00eda regional y generar\u00e1 mayores oportunidades de empleo.<\/p>\n<p>Este anuncio se dio en el marco de la visita de la presidenta de M\u00e9xico, Claudia Sheinbaum Pardo, al estado de Veracruz, evento al que asisti\u00f3 el alcalde de Tuxpan, Daniel Cortina Mart\u00ednez, como muestra del respaldo y coordinaci\u00f3n entre los distintos niveles de gobierno.<\/p>\n<p>Durante su gira, la presidenta estuvo acompa\u00f1ada por la gobernadora Ing. Roc\u00edo Nahle Garc\u00eda, con quien encabez\u00f3 la entrega de viviendas para familias veracruzanas, garantizando hogares dignos y seguros; posteriormente, en el municipio de La Antigua, se realiz\u00f3 la entrega de apoyos del Programa para el Bienestar.<\/p>\n<p>El alcalde refrend\u00f3 que desde Tuxpan, su compromiso seguir\u00e1 siendo trabajar de manera alineada con el proyecto de naci\u00f3n que encabeza la presidenta Claudia Sheinbaum, as\u00ed como con el liderazgo de la gobernadora Roc\u00edo Nahle, para seguir construyendo bienestar, desarrollo y mejores oportunidades para las y los tuxpe\u00f1os.<\/p>\n<p>El mandatario municipal, estuvo acompa\u00f1ado de la presidenta de la Mesa Directiva de la LXVII Legislatura, diputada Naomi Edith G\u00f3mez Santos, el presidente de la Junta de Coordinaci\u00f3n Pol\u00edtica, diputado Esteban Bautista Hern\u00e1ndez, y dem\u00e1s integrantes del Congreso del Estado de Veracruz.<\/p>\n","protected":false},"excerpt":{"rendered":"<p>Tuxpan recibe una de las noticias m\u00e1s relevantes para su desarrollo: la carretera Tihuatl\u00e1n\u2013Tuxpan ser\u00e1 ampliada de dos a cuatro<\/p>\n","protected":false},"author":4,"featured_media":78766,"comment_status":"closed","ping_status":"closed","sticky":false,"template":"","format":"standard","meta":{"colormag_page_container_layout":"default_layout","colormag_page_sidebar_layout":"default_layout","_jetpack_memberships_contains_paid_content":false,"footnotes":"","jetpack_publicize_message":"","jetpack_publicize_feature_enabled":true,"jetpack_social_post_already_shared":true,"jetpack_social_options":{"image_generator_settings":{"template":"highway","default_image_id":0,"font":"","enabled":false},"version":2}},"categories":[1082],"tags":[],"class_list":["post-78765","post","type-post","status-publish","format-standard","has-post-thumbnail","hentry","category-tuxpan"],"jetpack_publicize_connections":[],"jetpack_featured_media_url":"https:\/\/i0.wp.com\/politicosaldesnudo.com.mx\/wp-content\/uploads\/2026\/01\/WhatsApp-Image-2026-01-24-at-11.55.56-3.jpeg?fit=1440%2C1080&ssl=1","jetpack-related-posts":[],"jetpack_sharing_enabled":true,"_links":{"self":[{"href":"https:\/\/politicosaldesnudo.com.mx\/index.php\/wp-json\/wp\/v2\/posts\/78765","targetHints":{"allow":["GET"]}}],"collection":[{"href":"https:\/\/politicosaldesnudo.com.mx\/index.php\/wp-json\/wp\/v2\/posts"}],"about":[{"href":"https:\/\/politicosaldesnudo.com.mx\/index.php\/wp-json\/wp\/v2\/types\/post"}],"author":[{"embeddable":true,"href":"https:\/\/politicosaldesnudo.com.mx\/index.php\/wp-json\/wp\/v2\/users\/4"}],"replies":[{"embeddable":true,"href":"https:\/\/politicosaldesnudo.com.mx\/index.php\/wp-json\/wp\/v2\/comments?post=78765"}],"version-history":[{"count":0,"href":"https:\/\/politicosaldesnudo.com.mx\/index.php\/wp-json\/wp\/v2\/posts\/78765\/revisions"}],"wp:featuredmedia":[{"embeddable":true,"href":"https:\/\/politicosaldesnudo.com.mx\/index.php\/wp-json\/wp\/v2\/media\/78766"}],"wp:attachment":[{"href":"https:\/\/politicosaldesnudo.com.mx\/index.php\/wp-json\/wp\/v2\/media?parent=78765"}],"wp:term":[{"taxonomy":"category","embeddable":true,"href":"https:\/\/politicosaldesnudo.com.mx\/index.php\/wp-json\/wp\/v2\/categories?post=78765"},{"taxonomy":"post_tag","embeddable":true,"href":"https:\/\/politicosaldesnudo.com.mx\/index.php\/wp-json\/wp\/v2\/tags?post=78765"}],"curies":[{"name":"wp","href":"https:\/\/api.w.org\/{rel}","templated":true}]}}