{"id":78768,"date":"2026-01-26T00:05:05","date_gmt":"2026-01-26T06:05:05","guid":{"rendered":"https:\/\/politicosaldesnudo.com.mx\/?p=78768"},"modified":"2026-01-25T19:32:28","modified_gmt":"2026-01-26T01:32:28","slug":"ministros-de-la-corte-devolveran-camionetas-de-1-7-mdp-tras-criticas","status":"publish","type":"post","link":"https:\/\/politicosaldesnudo.com.mx\/index.php\/2026\/01\/26\/ministros-de-la-corte-devolveran-camionetas-de-1-7-mdp-tras-criticas\/","title":{"rendered":"Ministros de la Corte devolver\u00e1n camionetas de 1.7 mdp tras cr\u00edticas"},"content":{"rendered":"<p class=\"nota-justify\">Tras la pol\u00e9mica, los nueve ministros de la Suprema Corte de Justicia de la Naci\u00f3n (SCJN) acordaron no usar y devolver los nuevos veh\u00edculos Jeep Cherokee, con un costo de 1.7 millones de pesos cada uno, sin contar el blindaje que podr\u00eda casi duplicar su precio, pese a que su compra se justific\u00f3 por razones de seguridad y para sustituir unidades modelo 2019 y 2020, as\u00ed como para ahorrar en arrendamiento, mantenimiento y combustible.<\/p>\n<p>La decisi\u00f3n de los ministros se difundi\u00f3 este domingo a trav\u00e9s de las redes sociales de la Corte, en el que tambi\u00e9n se inform\u00f3 que los togados ofrecer\u00e1n este lunes por la ma\u00f1ana una conferencia de prensa este lunes para dar mayores detalles sobre su decisi\u00f3n.<\/p>\n<p>\u201cCon relaci\u00f3n a los veh\u00edculos adquiridos, ministras y ministros de esta #scjn informan su decisi\u00f3n de no utilizarlos; asimismo, solicitar\u00e1n que se inicie el proceso correspondiente para su devoluci\u00f3n o, en su caso, ponerlos a disposici\u00f3n de personas juzgadoras que enfrentan mayores riesgos, siempre con apego a la normatividad aplicable.<\/p>\n<p class=\"nota-justify\">\u201cReiteramos nuestro compromiso con el uso eficiente y responsable de los recursos del pueblo, as\u00ed como el trabajo permanente para lograr una justicia real y verdadera\u201d, se\u00f1al\u00f3 la Corte.<\/p>\n<p>El pasado domingo se dio a conocer que los nueve ministros estrenaron camionetas nuevas, como parte de la renovaci\u00f3n del parque vehicular de la Suprema Corte, las cuales fueron emplacadas en Morelos, lo que les permitir\u00eda evitar el pago de la tenencia anual que se cobra en la Ciudad de M\u00e9xico.<\/p>\n<p>La adquisici\u00f3n de los veh\u00edculos gener\u00f3 pol\u00e9mica en redes sociales, cuestionando la austeridad en la Corte. Al siguiente d\u00eda, el \u00d3rgano de Administraci\u00f3n Judicial (OAJ) emiti\u00f3 un comunicado en el que se\u00f1al\u00f3 que en la integraci\u00f3n del nuevo Poder Judicial de la Federaci\u00f3n (PJF), se prioriz\u00f3 la reducci\u00f3n del gasto p\u00fablico y el uso eficiente de los recursos, lo que llev\u00f3 a sustituir el parque vehicular por presentar fallas recurrentes y riesgos de seguridad.<\/p>\n<p>Entre 2022 y 2025, la SCJN, el TEPJF y el entonces Consejo de la Judicatura Federal operaron bajo un esquema de arrendamiento de 445 veh\u00edculos que habr\u00eda implicado un gasto de 366.2 millones de pesos anuales en esta nueva etapa.<\/p>\n<p>Ante ello, en el \u00faltimo trimestre de 2025 se aprob\u00f3 una inversi\u00f3n de 252 millones de pesos para adquirir 571 veh\u00edculos, equivalente al 68.8% del costo de un solo a\u00f1o de arrendamiento, con un ahorro estimado de 1,098 millones de pesos entre 2026 y 2028. La renovaci\u00f3n incluye 124 unidades h\u00edbridas o el\u00e9ctricas, con una reducci\u00f3n de hasta 30% en combustible y 70% en mantenimiento, adem\u00e1s de atender incidentes de seguridad detectados en la SCJN y permitir la eventual enajenaci\u00f3n de los veh\u00edculos a valor de mercado.<\/p>\n<p>&nbsp;<\/p>\n","protected":false},"excerpt":{"rendered":"<p>Tras la pol\u00e9mica, los nueve ministros de la Suprema Corte de Justicia de la Naci\u00f3n (SCJN) acordaron no usar y<\/p>\n","protected":false},"author":4,"featured_media":78769,"comment_status":"closed","ping_status":"closed","sticky":false,"template":"","format":"standard","meta":{"colormag_page_container_layout":"default_layout","colormag_page_sidebar_layout":"default_layout","_jetpack_memberships_contains_paid_content":false,"footnotes":"","jetpack_publicize_message":"","jetpack_publicize_feature_enabled":true,"jetpack_social_post_already_shared":true,"jetpack_social_options":{"image_generator_settings":{"template":"highway","default_image_id":0,"font":"","enabled":false},"version":2}},"categories":[33],"tags":[],"class_list":["post-78768","post","type-post","status-publish","format-standard","has-post-thumbnail","hentry","category-nacional"],"jetpack_publicize_connections":[],"jetpack_featured_media_url":"https:\/\/i0.wp.com\/politicosaldesnudo.com.mx\/wp-content\/uploads\/2026\/01\/ESTSTRST.jpg?fit=1200%2C831&ssl=1","jetpack-related-posts":[],"jetpack_sharing_enabled":true,"_links":{"self":[{"href":"https:\/\/politicosaldesnudo.com.mx\/index.php\/wp-json\/wp\/v2\/posts\/78768","targetHints":{"allow":["GET"]}}],"collection":[{"href":"https:\/\/politicosaldesnudo.com.mx\/index.php\/wp-json\/wp\/v2\/posts"}],"about":[{"href":"https:\/\/politicosaldesnudo.com.mx\/index.php\/wp-json\/wp\/v2\/types\/post"}],"author":[{"embeddable":true,"href":"https:\/\/politicosaldesnudo.com.mx\/index.php\/wp-json\/wp\/v2\/users\/4"}],"replies":[{"embeddable":true,"href":"https:\/\/politicosaldesnudo.com.mx\/index.php\/wp-json\/wp\/v2\/comments?post=78768"}],"version-history":[{"count":0,"href":"https:\/\/politicosaldesnudo.com.mx\/index.php\/wp-json\/wp\/v2\/posts\/78768\/revisions"}],"wp:featuredmedia":[{"embeddable":true,"href":"https:\/\/politicosaldesnudo.com.mx\/index.php\/wp-json\/wp\/v2\/media\/78769"}],"wp:attachment":[{"href":"https:\/\/politicosaldesnudo.com.mx\/index.php\/wp-json\/wp\/v2\/media?parent=78768"}],"wp:term":[{"taxonomy":"category","embeddable":true,"href":"https:\/\/politicosaldesnudo.com.mx\/index.php\/wp-json\/wp\/v2\/categories?post=78768"},{"taxonomy":"post_tag","embeddable":true,"href":"https:\/\/politicosaldesnudo.com.mx\/index.php\/wp-json\/wp\/v2\/tags?post=78768"}],"curies":[{"name":"wp","href":"https:\/\/api.w.org\/{rel}","templated":true}]}}