{"id":78771,"date":"2026-01-26T00:06:17","date_gmt":"2026-01-26T06:06:17","guid":{"rendered":"https:\/\/politicosaldesnudo.com.mx\/?p=78771"},"modified":"2026-01-25T19:34:35","modified_gmt":"2026-01-26T01:34:35","slug":"desde-nuevo-laredo-sheinbaum-resalta-aumento-en-recaudaciones-gracias-a-mejoras-aduaneras","status":"publish","type":"post","link":"https:\/\/politicosaldesnudo.com.mx\/index.php\/2026\/01\/26\/desde-nuevo-laredo-sheinbaum-resalta-aumento-en-recaudaciones-gracias-a-mejoras-aduaneras\/","title":{"rendered":"Desde Nuevo Laredo, Sheinbaum resalta aumento en recaudaciones gracias a mejoras aduaneras"},"content":{"rendered":"<p class=\"nota-justify\">La presidenta Claudia Sheinbaum Pardo inaugur\u00f3 este domingo la Aduana de Nuevo Laredo, en la que se modernizaron los procesos tecnol\u00f3gicos y digitales para la revisi\u00f3n de mercanc\u00edas. Anunci\u00f3 que gracias a las mejoras en las instalaciones aduaneras, as\u00ed como a la \u201chonestidad\u201d de los trabajadores, se increment\u00f3 la recaudaci\u00f3n fiscal en el \u00faltimo a\u00f1o.<\/p>\n<p class=\"nota-justify\">Despu\u00e9s de que de 2024 a 2025 se aument\u00f3 en 25 por ciento la recaudaci\u00f3n fiscal en las aduanas, con un aumento de 250 mil millones de pesos, la mandataria recalc\u00f3 que para el presente a\u00f1o la meta es lograr un incremento similar, y alcanzar as\u00ed una recaudaci\u00f3n de un bill\u00f3n 500 mil millones de pesos en total.<\/p>\n<p class=\"nota-justify\">El trabajo en todas las aduanas, agreg\u00f3 por su parte, el Secretario de la Defensa Nacional, Ricardo Trevilla Trejo, se realiza en \u201cestrecha coordinaci\u00f3n\u201d con la oficina de aduanas, y protecci\u00f3n fronteriza de Estados Unidos, quien dio a conocer un aumento en el aseguramiento de armas, hidrocarburos, drogas, dinero y mercanc\u00edas en las aduanas del pa\u00eds.<\/p>\n<p class=\"nota-justify\">Tras cortar el list\u00f3n inaugural y hacer un recorridos por las nuevas instalaciones, y frente a trabajadores de la Aduana en Nuevo Laredo, la Jefa del Ejecutivo explic\u00f3 que \u201clas aduanas son instalaciones estrat\u00e9gicas del pa\u00eds (\u2026) que garantizan la seguridad del pa\u00eds, seguridad nacional y seguridad p\u00fablica. Representan desarrollo con bienestar y representan soberan\u00eda tambi\u00e9n\u00bb.<\/p>\n<p class=\"nota-justify\">Apunt\u00f3 que en las distintas aduanas se ha avanzado en la colocaci\u00f3n de equipos no intrusivos, es decir, de rayos X y rayos gamma, que se concluir\u00e1n de instalar en el presente a\u00f1o, adem\u00e1s de todas las digitalizaci\u00f3n en coordinaci\u00f3n con el Servicio de Administraci\u00f3n Tributaria (SAT) para corroborar la entrada de una mercanc\u00eda al pa\u00eds, de la manos de la Agencia de Transformaci\u00f3n Digital y Telecomunicaciones.<\/p>\n<p class=\"nota-justify\">\u201cPero por encima, incluso de la digitalizaci\u00f3n, lo m\u00e1s importante es la honestidad. El incremento en los ingresos no se habr\u00eda podido lograr si no hubiera honestidad en el trabajo que se desarrolla todos los d\u00edas, por eso quiero felicitar a todo el equipo. El que hoy est\u00e9 esta agencia nacional, estas instalaciones, pues nos va a permitir todav\u00eda mayor eficiencia, mayor productividad, mayor honestidad, mayor beneficio para las y los trabajadores de las aduanas y la centralizaci\u00f3n de todas las labores que se desarrollan en las aduanas\u201d, indic\u00f3 la presidenta.<\/p>\n<p class=\"nota-justify\">La frontera norte del pa\u00eds \u201ces estrat\u00e9gica en materia de seguridad nacional\u201d, tanto por su importancia para el desarrollo, como por las acciones en materia de seguridad en los m\u00e1s de 3 mil kil\u00f3metros de zona fronteriza con Estados Unidos, explic\u00f3 el titular de la Secretar\u00eda de la Defensa Nacional (Sedena).<\/p>\n<p class=\"nota-justify\">\u201cEn todas las aduanas que se encuentran en nuestra frontera norte del pa\u00eds, se trabaja en estrecha coordinaci\u00f3n con la oficina de aduanas, y protecci\u00f3n fronteriza de los Estados Unidos, lo que ha permitido garantizar la seguridad en los l\u00edmites colindantes de ambas naciones, con absoluto respeto a la soberan\u00eda de ambos pa\u00edses\u201d, se\u00f1al\u00f3 Trevilla Trejo.<\/p>\n<p class=\"nota-justify\">Detall\u00f3 que en materia de recaudaci\u00f3n fiscal, 33 por ciento de las recaudaciones en aduanas terrestres se concentran en Nuevo Laredo, por lo cual se defini\u00f3 concentrar aqu\u00ed las operaciones nacionales.<\/p>\n<p class=\"nota-justify\">Mientras que, al hablar de las operaciones de aseguramiento en estos puntos, precis\u00f3: \u201cEl trabajo y compromiso de los soldados de M\u00e9xico que vemos hoy en estas instalaciones tambi\u00e9n est\u00e1 presente en la operaci\u00f3n de las aduanas, esfuerzo al que nos sumamos a partir del a\u00f1o 2021 con importantes resultados entre los que destacan el aseguramiento de mil 533 armas, 4 mil 876 veh\u00edculos, 603 carros tanques, casi 50 millones de litros de hidrocarburos, alrededor de 5 toneladas de coca\u00edna, m\u00e1s de cuatro 4 toneladas de metanfetaminas, casi 180 millones de pesos, m\u00e1s de 180 millones de d\u00f3lares y 177 mil euros\u201d.<\/p>\n<p class=\"nota-justify\">Con dichos resultados, a\u00f1adi\u00f3, se ha evitado \u201cque miles de armas llegaran a manos de la delincuencia que produce y trafica drogas y que genera violencia en nuestro pa\u00eds, que millones de dosis de drogas envenenaran a la ni\u00f1ez y juventud, pero adem\u00e1s, debilitamos la estructura econ\u00f3mica del crimen organizado transnacional, con una afectaci\u00f3n de m\u00e1s de 6 mil 600 millones de pesos\u201d.<\/p>\n<p class=\"nota-justify\">Sobre las nuevas instalaciones, el titular de la Agencia Nacional de Aduanas de M\u00e9xico, Rafael Mar\u00edn, expuso que se trata de un complejo con m\u00e1s de 29 hect\u00e1reas de extensi\u00f3n y m\u00e1s de 320 mil metros cuadrados construidos, cuya edificaci\u00f3n estuvo a cargo de la Sedena.<\/p>\n<p class=\"nota-justify\">El edificio principal cuenta con capacidad para m\u00e1s de mil 100 personas, adem\u00e1s de 600 viviendas para el personal y sus familias, lo que, dijo, \u201crefleja una visi\u00f3n integral que reconoce que fortalecer a las instituciones implica tambi\u00e9n dignificar a quienes la integran\u201d.<\/p>\n<p class=\"nota-justify\">Las instalaciones tambi\u00e9n cuentan con una alberca semiol\u00edmpica, gimnasio, espacios recreativos para el bienestar del personal.<\/p>\n","protected":false},"excerpt":{"rendered":"<p>La presidenta Claudia Sheinbaum Pardo inaugur\u00f3 este domingo la Aduana de Nuevo Laredo, en la que se modernizaron los procesos<\/p>\n","protected":false},"author":4,"featured_media":78772,"comment_status":"closed","ping_status":"closed","sticky":false,"template":"","format":"standard","meta":{"colormag_page_container_layout":"default_layout","colormag_page_sidebar_layout":"default_layout","_jetpack_memberships_contains_paid_content":false,"footnotes":"","jetpack_publicize_message":"","jetpack_publicize_feature_enabled":true,"jetpack_social_post_already_shared":true,"jetpack_social_options":{"image_generator_settings":{"template":"highway","default_image_id":0,"font":"","enabled":false},"version":2}},"categories":[33],"tags":[],"class_list":["post-78771","post","type-post","status-publish","format-standard","has-post-thumbnail","hentry","category-nacional"],"jetpack_publicize_connections":[],"jetpack_featured_media_url":"https:\/\/i0.wp.com\/politicosaldesnudo.com.mx\/wp-content\/uploads\/2026\/01\/UKJ.jpg?fit=1200%2C736&ssl=1","jetpack-related-posts":[],"jetpack_sharing_enabled":true,"_links":{"self":[{"href":"https:\/\/politicosaldesnudo.com.mx\/index.php\/wp-json\/wp\/v2\/posts\/78771","targetHints":{"allow":["GET"]}}],"collection":[{"href":"https:\/\/politicosaldesnudo.com.mx\/index.php\/wp-json\/wp\/v2\/posts"}],"about":[{"href":"https:\/\/politicosaldesnudo.com.mx\/index.php\/wp-json\/wp\/v2\/types\/post"}],"author":[{"embeddable":true,"href":"https:\/\/politicosaldesnudo.com.mx\/index.php\/wp-json\/wp\/v2\/users\/4"}],"replies":[{"embeddable":true,"href":"https:\/\/politicosaldesnudo.com.mx\/index.php\/wp-json\/wp\/v2\/comments?post=78771"}],"version-history":[{"count":0,"href":"https:\/\/politicosaldesnudo.com.mx\/index.php\/wp-json\/wp\/v2\/posts\/78771\/revisions"}],"wp:featuredmedia":[{"embeddable":true,"href":"https:\/\/politicosaldesnudo.com.mx\/index.php\/wp-json\/wp\/v2\/media\/78772"}],"wp:attachment":[{"href":"https:\/\/politicosaldesnudo.com.mx\/index.php\/wp-json\/wp\/v2\/media?parent=78771"}],"wp:term":[{"taxonomy":"category","embeddable":true,"href":"https:\/\/politicosaldesnudo.com.mx\/index.php\/wp-json\/wp\/v2\/categories?post=78771"},{"taxonomy":"post_tag","embeddable":true,"href":"https:\/\/politicosaldesnudo.com.mx\/index.php\/wp-json\/wp\/v2\/tags?post=78771"}],"curies":[{"name":"wp","href":"https:\/\/api.w.org\/{rel}","templated":true}]}}