{"id":78777,"date":"2026-01-26T00:08:22","date_gmt":"2026-01-26T06:08:22","guid":{"rendered":"https:\/\/politicosaldesnudo.com.mx\/?p=78777"},"modified":"2026-01-25T19:40:04","modified_gmt":"2026-01-26T01:40:04","slug":"claudia-sheinbaum-anuncia-inversiones-en-infraestructura-para-tamaulipas","status":"publish","type":"post","link":"https:\/\/politicosaldesnudo.com.mx\/index.php\/2026\/01\/26\/claudia-sheinbaum-anuncia-inversiones-en-infraestructura-para-tamaulipas\/","title":{"rendered":"Claudia Sheinbaum anuncia inversiones en infraestructura para Tamaulipas"},"content":{"rendered":"<p>La presidenta Claudia Sheinbaum Pardo encabez\u00f3 este s\u00e1bado la entrega de programas del Bienestar para habitantes de distintas regiones de Tamaulipas, y destac\u00f3 tambi\u00e9n obras de repavimentaci\u00f3n, para agua potable, de red ferroviaria, vivienda y educaci\u00f3n.<\/p>\n<p>En el Centro de Convenciones de Reynosa, donde tambi\u00e9n realiz\u00f3 la entrega simb\u00f3lica de tarjetas para beneficiarias del programa Pensi\u00f3n Mujeres Bienestar, detall\u00f3 -junto al gobernador de Tamaulipas, Am\u00e9rico Villareal, y secretarios y subsecretarios de cuatro dependencias- que para esta entidad se repavimentar\u00e1n 407 kil\u00f3metros de la Red Federal Libre de Peaje, con una inversi\u00f3n de 2 mil 73 millones de pesos; reestructuraci\u00f3n del sistema de transporte y el Tren M\u00e9xico-Nuevo Laredo.<\/p>\n<p>Tambi\u00e9n se destinar\u00e1n cerca de 10 mil millones de pesos para tres proyectos de agua potable: la construcci\u00f3n del Acueducto Guadalupe Victoria I, una nueva planta potabilizadora y la tecnificaci\u00f3n de m\u00e1s de 27 mil hect\u00e1reas en dos Distritos de Riego.<\/p>\n<p>\u201cNo me van a decir \u2018que no queremos a Tamaulipas\u2019. Ya escucharon: carreteras de San Luis a Tampico, de Veracruz hasta Reynosa; nuevo puente Nuevo Laredo; repavimentaci\u00f3n de las carreteras federales; escuela para Reynosa, una nueva preparatoria, nuevo Instituto Tecnol\u00f3gico; obras de agua, riego eficiente para m\u00e1s alimentos, para llevar agua a las comunidades\u201d, expres\u00f3 la mandataria frente a cientos de personas que acudieron al acto.<\/p>\n<p>Adem\u00e1s, el subsecretario de Bienestar, Jes\u00fas Valencia, agreg\u00f3 que en Tamaulipas hay una inversi\u00f3n social de m\u00e1s de 23 mil millones de pesos en los distintos programas del Bienestar<\/p>\n<p>Y luego de horas antes tambi\u00e9n destac\u00f3 que M\u00e9xico es soberano y negocia con el vecino del norte, pero no se subordina, subray\u00f3: \u201c\u00a1Que viva M\u00e9xico libre, independiente y soberano!\u201d.<\/p>\n<p>La jefa del Ejecutivo tiene previsto acudir ma\u00f1ana a Nuevo Laredo, donde inaugurar\u00e1 la aduana localizada en este municipio fronterizo.<\/p>\n","protected":false},"excerpt":{"rendered":"<p>La presidenta Claudia Sheinbaum Pardo encabez\u00f3 este s\u00e1bado la entrega de programas del Bienestar para habitantes de distintas regiones de<\/p>\n","protected":false},"author":4,"featured_media":78778,"comment_status":"closed","ping_status":"closed","sticky":false,"template":"","format":"standard","meta":{"colormag_page_container_layout":"default_layout","colormag_page_sidebar_layout":"default_layout","_jetpack_memberships_contains_paid_content":false,"footnotes":"","jetpack_publicize_message":"","jetpack_publicize_feature_enabled":true,"jetpack_social_post_already_shared":true,"jetpack_social_options":{"image_generator_settings":{"template":"highway","default_image_id":0,"font":"","enabled":false},"version":2}},"categories":[33],"tags":[],"class_list":["post-78777","post","type-post","status-publish","format-standard","has-post-thumbnail","hentry","category-nacional"],"jetpack_publicize_connections":[],"jetpack_featured_media_url":"https:\/\/i0.wp.com\/politicosaldesnudo.com.mx\/wp-content\/uploads\/2026\/01\/FLARI.jpg?fit=1200%2C800&ssl=1","jetpack-related-posts":[],"jetpack_sharing_enabled":true,"_links":{"self":[{"href":"https:\/\/politicosaldesnudo.com.mx\/index.php\/wp-json\/wp\/v2\/posts\/78777","targetHints":{"allow":["GET"]}}],"collection":[{"href":"https:\/\/politicosaldesnudo.com.mx\/index.php\/wp-json\/wp\/v2\/posts"}],"about":[{"href":"https:\/\/politicosaldesnudo.com.mx\/index.php\/wp-json\/wp\/v2\/types\/post"}],"author":[{"embeddable":true,"href":"https:\/\/politicosaldesnudo.com.mx\/index.php\/wp-json\/wp\/v2\/users\/4"}],"replies":[{"embeddable":true,"href":"https:\/\/politicosaldesnudo.com.mx\/index.php\/wp-json\/wp\/v2\/comments?post=78777"}],"version-history":[{"count":0,"href":"https:\/\/politicosaldesnudo.com.mx\/index.php\/wp-json\/wp\/v2\/posts\/78777\/revisions"}],"wp:featuredmedia":[{"embeddable":true,"href":"https:\/\/politicosaldesnudo.com.mx\/index.php\/wp-json\/wp\/v2\/media\/78778"}],"wp:attachment":[{"href":"https:\/\/politicosaldesnudo.com.mx\/index.php\/wp-json\/wp\/v2\/media?parent=78777"}],"wp:term":[{"taxonomy":"category","embeddable":true,"href":"https:\/\/politicosaldesnudo.com.mx\/index.php\/wp-json\/wp\/v2\/categories?post=78777"},{"taxonomy":"post_tag","embeddable":true,"href":"https:\/\/politicosaldesnudo.com.mx\/index.php\/wp-json\/wp\/v2\/tags?post=78777"}],"curies":[{"name":"wp","href":"https:\/\/api.w.org\/{rel}","templated":true}]}}