{"id":78792,"date":"2026-01-26T00:13:12","date_gmt":"2026-01-26T06:13:12","guid":{"rendered":"https:\/\/politicosaldesnudo.com.mx\/?p=78792"},"modified":"2026-01-25T19:53:21","modified_gmt":"2026-01-26T01:53:21","slug":"issstecali-incorpora-a-su-personal-al-regimen-integral-de-seguridad-social","status":"publish","type":"post","link":"https:\/\/politicosaldesnudo.com.mx\/index.php\/2026\/01\/26\/issstecali-incorpora-a-su-personal-al-regimen-integral-de-seguridad-social\/","title":{"rendered":"ISSSTECALI incorpora a su personal al R\u00e9gimen Integral de Seguridad Social"},"content":{"rendered":"<p class=\"nota-justify\">El Instituto de Seguridad y Servicios Sociales de los Trabajadores del Gobierno y Municipios del Estado de Baja California (ISSSTECALI) inici\u00f3 el proceso para incorporar a su personal al R\u00e9gimen Integral de Seguridad Social con el prop\u00f3sito de fortalecer su bienestar y protecci\u00f3n laboral.<\/p>\n<p class=\"nota-justify\">El ISSSTECALI es el organismo paraestatal que atiende a la burocracia y magisterio de Baja California, el cual registra una cr\u00edtica condici\u00f3n financiera por deudas hist\u00f3ricas de los ayuntamientos por omitir la entrega de cuotas de los trabajadores y el pago de aportaciones patronales.<\/p>\n<p class=\"nota-justify\">Con este r\u00e9gimen los trabajadores contar\u00e1n con una cobertura completa de seguridad social que los respalde en su vida laboral, personal y familiar.<\/p>\n<p class=\"nota-justify\">El director General del ISSSTECALI. Luis Gallego, explic\u00f3 que este sistema de seguridad social integral incluye atenci\u00f3n m\u00e9dica en enfermedades y maternidad, protecci\u00f3n y atenci\u00f3n por accidentes de trabajo, jubilaci\u00f3n, adem\u00e1s de pensi\u00f3n por edad y a\u00f1os de servicio, por invalidez y para familiares en caso de fallecimiento del trabajador.<\/p>\n<p class=\"nota-justify\">Tambi\u00e9n se consideran apoyos econ\u00f3micos y pagos p\u00f3stumos, as\u00ed como gastos funerarios. Otros beneficios son la devoluci\u00f3n de aportaciones al fondo de pensiones, ya que podr\u00e1 tramitarse el reintegro del total de sus aportaciones,\u00a0 en caso de cambio de trabajo u otra causa.<\/p>\n<p class=\"nota-justify\">Incorporar como derechohabientes a madre, padre e hijos hasta los 25 a\u00f1os de edad, siempre que se cumplan los requisitos establecidos.<\/p>\n<p class=\"nota-justify\">Acceso a prestaciones adicionales los pr\u00e9stamos a corto plazo, que brindan apoyo econ\u00f3mico en situaciones espec\u00edficas.<\/p>\n<p class=\"nota-justify\">Estos beneficios brindan tranquilidad a las y los trabajadores, al garantizar atenci\u00f3n m\u00e9dica oportuna, respaldo econ\u00f3mico ante cualquier eventualidad y seguridad para sus familias, as\u00ed como condiciones dignas al momento del retiro, enfatiz\u00f3 Gallego.<\/p>\n","protected":false},"excerpt":{"rendered":"<p>El Instituto de Seguridad y Servicios Sociales de los Trabajadores del Gobierno y Municipios del Estado de Baja California (ISSSTECALI)<\/p>\n","protected":false},"author":4,"featured_media":78793,"comment_status":"closed","ping_status":"closed","sticky":false,"template":"","format":"standard","meta":{"colormag_page_container_layout":"default_layout","colormag_page_sidebar_layout":"default_layout","_jetpack_memberships_contains_paid_content":false,"footnotes":"","jetpack_publicize_message":"","jetpack_publicize_feature_enabled":true,"jetpack_social_post_already_shared":true,"jetpack_social_options":{"image_generator_settings":{"template":"highway","default_image_id":0,"font":"","enabled":false},"version":2}},"categories":[30],"tags":[],"class_list":["post-78792","post","type-post","status-publish","format-standard","has-post-thumbnail","hentry","category-estados"],"jetpack_publicize_connections":[],"jetpack_featured_media_url":"https:\/\/i0.wp.com\/politicosaldesnudo.com.mx\/wp-content\/uploads\/2026\/01\/ISCALI.jpg?fit=1200%2C900&ssl=1","jetpack-related-posts":[],"jetpack_sharing_enabled":true,"_links":{"self":[{"href":"https:\/\/politicosaldesnudo.com.mx\/index.php\/wp-json\/wp\/v2\/posts\/78792","targetHints":{"allow":["GET"]}}],"collection":[{"href":"https:\/\/politicosaldesnudo.com.mx\/index.php\/wp-json\/wp\/v2\/posts"}],"about":[{"href":"https:\/\/politicosaldesnudo.com.mx\/index.php\/wp-json\/wp\/v2\/types\/post"}],"author":[{"embeddable":true,"href":"https:\/\/politicosaldesnudo.com.mx\/index.php\/wp-json\/wp\/v2\/users\/4"}],"replies":[{"embeddable":true,"href":"https:\/\/politicosaldesnudo.com.mx\/index.php\/wp-json\/wp\/v2\/comments?post=78792"}],"version-history":[{"count":0,"href":"https:\/\/politicosaldesnudo.com.mx\/index.php\/wp-json\/wp\/v2\/posts\/78792\/revisions"}],"wp:featuredmedia":[{"embeddable":true,"href":"https:\/\/politicosaldesnudo.com.mx\/index.php\/wp-json\/wp\/v2\/media\/78793"}],"wp:attachment":[{"href":"https:\/\/politicosaldesnudo.com.mx\/index.php\/wp-json\/wp\/v2\/media?parent=78792"}],"wp:term":[{"taxonomy":"category","embeddable":true,"href":"https:\/\/politicosaldesnudo.com.mx\/index.php\/wp-json\/wp\/v2\/categories?post=78792"},{"taxonomy":"post_tag","embeddable":true,"href":"https:\/\/politicosaldesnudo.com.mx\/index.php\/wp-json\/wp\/v2\/tags?post=78792"}],"curies":[{"name":"wp","href":"https:\/\/api.w.org\/{rel}","templated":true}]}}