{"id":78795,"date":"2026-01-26T00:14:57","date_gmt":"2026-01-26T06:14:57","guid":{"rendered":"https:\/\/politicosaldesnudo.com.mx\/?p=78795"},"modified":"2026-01-25T19:56:00","modified_gmt":"2026-01-26T01:56:00","slug":"organizaciones-indigenas-de-guerrero-amenazan-con-llevar-sus-protestas-al-mundial-de-futbol","status":"publish","type":"post","link":"https:\/\/politicosaldesnudo.com.mx\/index.php\/2026\/01\/26\/organizaciones-indigenas-de-guerrero-amenazan-con-llevar-sus-protestas-al-mundial-de-futbol\/","title":{"rendered":"Organizaciones ind\u00edgenas de Guerrero amenazan con llevar sus protestas al Mundial de Futbol"},"content":{"rendered":"<p class=\"nota-justify\">\u201cDecenas de pueblos y comunidades nahuas de la Monta\u00f1a Baja llevaremos nuestra lucha hasta la Copa Mundial de Futbol de junio de 2026, para que el mundo sepa la injusticia, el abandono y la criminalizaci\u00f3n que se vive en nuestro estado de Guerrero\u201d; esto, si los tres niveles de gobierno siguen sin atender la demanda de seguridad que les hemos solicitado, advirtieron la Uni\u00f3n de Pueblos y Organizaciones del Estado de Guerrero (Upoeg) y del Consejo Ind\u00edgena y Popular del Estado de Guerrero-Emiliano Zapata (Cipog-ez), adem\u00e1s de la Coordinadora Regional de Autoridades Comunitarias-Pueblos Fundadores (CRAC-PF).<\/p>\n<p class=\"nota-justify\">Lino Ponce Gonz\u00e1lez, de la Upoeg, y Jes\u00fas Pl\u00e1cido Galindo. del Cipog-ez, explicaron que las tres organizaciones se unieron para combatir al crimen organizado, demandaron la desarticulaci\u00f3n del grupo delincuencial\u00a0<i>Los Ardillos<\/i>\u00a0y anunciaron la conformaci\u00f3n de un sistema de justicia comunitario entre los pueblos nahuas, que incluir\u00e1 las regiones de la Monta\u00f1a y Costa Chica.<\/p>\n<p class=\"nota-justify\">Manifestaron que la alianza incluye a los municipios de Juan R. Escudero (Tierra Colorada) y Tecoanapa, en la regi\u00f3n Centro, y de la Costa Chica, porque en ambos municipios opera impunemente el mencionado grupo criminal, al que acusan de estar protegidos por funcionarios de los tres niveles de gobierno.<\/p>\n<p class=\"nota-justify\">\u201cEn la Costa Chica, ese grupo tiene como l\u00edder a Benito S\u00e1nchez Mill\u00e1n\u00a0<i>El Oso<\/i>, quien opera entre las comunidades de Tlayolapa y Tierra Colorada; ese grupo es responsable de la emboscada de 13 polic\u00edas comunitarias en la comunidad El Cortijo, el 16 de agosto del a\u00f1o pasado, y de los 70 asesinatos y 25 desaparecidos del Cipogez en la Monta\u00f1a Baja\u201d, acusaron.<\/p>\n<p class=\"nota-justify\">\u201cNo vemos un gobierno que le preocupe lo que ocurre en Guerrero; exigimos que haya un desmantelamiento y desarticulaci\u00f3n de\u00a0<i>Los Ardillos<\/i>. Exigimos su detenci\u00f3n, \u201cas\u00ed como la de Celso Ortega Jim\u00e9nez, porque son responsables de los cr\u00edmenes de lesa humanidad perpetrados en nuestras comunidades; en esa regi\u00f3n hay familias desplazadas en el corredor desde Tierra Colorada, Tecoanapa y Ayutla de los Libres; exigimos el retorno seguro de todas, con garant\u00edas plenas de seguridad, reparaci\u00f3n y no repetici\u00f3n\u201d.<\/p>\n<p class=\"nota-justify\">Informaron que se coordinar\u00e1n en acciones de seguridad en la franja de la Monta\u00f1a baja con la Costa Chica, y \u201cestamos ya en comunidades de Tecoanapa y pr\u00f3ximamente en Juan R Escudero, que no le preocupe al gobierno que el movimiento social se organice, que se preocupe por combatir al crimen organizado y desmantelarlo\u201d.<\/p>\n<p class=\"nota-justify\">Tambi\u00e9n demandaron la liberaci\u00f3n de Santos Ponce Gonz\u00e1lez, Javier Bruno Castro, Luis \u00c1ngel Dur\u00e1n Garc\u00eda, Dar\u00edo Avil\u00e9s Cuenca y Wilber Hern\u00e1ndez Vargas, detenidos el 6 de mayo 2024 en El Terrero, \u201cpor defender a su pueblo frente a la entrada del crimen organizado\u201d.<\/p>\n<p class=\"nota-justify\">Agregaron que el pr\u00f3ximo 27 de enero \u201cconcluir\u00e1n su proceso judicial en un Juzgado de Acapulco, donde pretenden imponerles largas condenas. Si no los liberan de inmediato, los pueblos organizados de la polic\u00eda ciudadana de la Costa Chica y la Monta\u00f1a nos movilizaremos y bloquearemos las carreteras\u201d, concluyeron.<\/p>\n","protected":false},"excerpt":{"rendered":"<p>\u201cDecenas de pueblos y comunidades nahuas de la Monta\u00f1a Baja llevaremos nuestra lucha hasta la Copa Mundial de Futbol de<\/p>\n","protected":false},"author":4,"featured_media":78796,"comment_status":"closed","ping_status":"closed","sticky":false,"template":"","format":"standard","meta":{"colormag_page_container_layout":"default_layout","colormag_page_sidebar_layout":"default_layout","_jetpack_memberships_contains_paid_content":false,"footnotes":"","jetpack_publicize_message":"","jetpack_publicize_feature_enabled":true,"jetpack_social_post_already_shared":true,"jetpack_social_options":{"image_generator_settings":{"template":"highway","default_image_id":0,"font":"","enabled":false},"version":2}},"categories":[30],"tags":[],"class_list":["post-78795","post","type-post","status-publish","format-standard","has-post-thumbnail","hentry","category-estados"],"jetpack_publicize_connections":[],"jetpack_featured_media_url":"https:\/\/i0.wp.com\/politicosaldesnudo.com.mx\/wp-content\/uploads\/2026\/01\/WEBN.jpg?fit=1200%2C675&ssl=1","jetpack-related-posts":[],"jetpack_sharing_enabled":true,"_links":{"self":[{"href":"https:\/\/politicosaldesnudo.com.mx\/index.php\/wp-json\/wp\/v2\/posts\/78795","targetHints":{"allow":["GET"]}}],"collection":[{"href":"https:\/\/politicosaldesnudo.com.mx\/index.php\/wp-json\/wp\/v2\/posts"}],"about":[{"href":"https:\/\/politicosaldesnudo.com.mx\/index.php\/wp-json\/wp\/v2\/types\/post"}],"author":[{"embeddable":true,"href":"https:\/\/politicosaldesnudo.com.mx\/index.php\/wp-json\/wp\/v2\/users\/4"}],"replies":[{"embeddable":true,"href":"https:\/\/politicosaldesnudo.com.mx\/index.php\/wp-json\/wp\/v2\/comments?post=78795"}],"version-history":[{"count":0,"href":"https:\/\/politicosaldesnudo.com.mx\/index.php\/wp-json\/wp\/v2\/posts\/78795\/revisions"}],"wp:featuredmedia":[{"embeddable":true,"href":"https:\/\/politicosaldesnudo.com.mx\/index.php\/wp-json\/wp\/v2\/media\/78796"}],"wp:attachment":[{"href":"https:\/\/politicosaldesnudo.com.mx\/index.php\/wp-json\/wp\/v2\/media?parent=78795"}],"wp:term":[{"taxonomy":"category","embeddable":true,"href":"https:\/\/politicosaldesnudo.com.mx\/index.php\/wp-json\/wp\/v2\/categories?post=78795"},{"taxonomy":"post_tag","embeddable":true,"href":"https:\/\/politicosaldesnudo.com.mx\/index.php\/wp-json\/wp\/v2\/tags?post=78795"}],"curies":[{"name":"wp","href":"https:\/\/api.w.org\/{rel}","templated":true}]}}