{"id":78798,"date":"2026-01-26T00:15:27","date_gmt":"2026-01-26T06:15:27","guid":{"rendered":"https:\/\/politicosaldesnudo.com.mx\/?p=78798"},"modified":"2026-01-25T19:58:36","modified_gmt":"2026-01-26T01:58:36","slug":"jornada-de-revocacion-de-mandato-para-salomon-jara-inicia-con-baja-participacion","status":"publish","type":"post","link":"https:\/\/politicosaldesnudo.com.mx\/index.php\/2026\/01\/26\/jornada-de-revocacion-de-mandato-para-salomon-jara-inicia-con-baja-participacion\/","title":{"rendered":"Jornada de revocaci\u00f3n de mandato para Salom\u00f3n Jara inicia con baja participaci\u00f3n"},"content":{"rendered":"<p class=\"nota-justify\">Con una escasa participaci\u00f3n ciudadana dio inicio este domingo la Jornada de Participaci\u00f3n Ciudadana de Revocaci\u00f3n de Mandato que se realiza en el estado de Oaxaca, en la que se instalaron 2 mil 816 casillas y ninguna especial; la consejera presidenta del Instituto Estatal Electoral y de Participaci\u00f3n Ciudadana de Oaxaca (IEEPCO), Elizabeth S\u00e1nchez Gonz\u00e1lez refiri\u00f3 que se estima una participaci\u00f3n ciudadana del 20 por ciento de la lista nominal, sin embargo para que los resultados de este ejercicio sean vinculantes se requiere del una participaci\u00f3n del 40 por ciento.<\/p>\n<p class=\"nota-justify\">Se\u00f1al\u00f3 al t\u00e9rmino de la ceremonia c\u00edvica de inicio de la jornada, que el organismo sufri\u00f3 una serie de problemas por la falta de tiempo y presupuesto; sin embargo se ha logrado organizar este procedimiento.<\/p>\n<p class=\"nota-justify\">Con respecto a la publicidad irregular colocada en v\u00eda p\u00fablica y que era a favor del gobernador, Salom\u00f3n Jara, explic\u00f3 que el instituto retir\u00f3 lo \u201chumanamente posible\u201d toda vez que debido al escaso presupuesto, en el \u00e1rea jur\u00eddica solo contaban con 12 trabajadores, por lo que se vieron obligados a utilizar a personal de otras \u00e1reas.<\/p>\n<p class=\"nota-justify\">Por ello, se solicit\u00f3 a las autoridades municipales el apoyo para el retiro de la propaganda; no obstante apunt\u00f3 que en muchos casos est\u00e1s no acataron las solicitudes, por lo que los \u00f3rganos distritales tuvieron que trabajar en el retiro, pero no es suficiente el personal.<\/p>\n<p class=\"nota-justify\">Por su parte, el gobierno del estado a trav\u00e9s del secretario de Gobierno, Jes\u00fas Romero inform\u00f3 que se han instalado m\u00e1s de 2 mil 500 casillas de las 2 mil 816 proyectadas por el IEEPCO.<\/p>\n<p class=\"nota-justify\">El fiscal especializado en Delitos Electorales, Iv\u00e1n Garc\u00eda L\u00f3pez inform\u00f3 que se est\u00e1n investigando al menos 5 denuncias de presuntos delitos electorales en diversos municipios de la entidad, para lo cual el Ministerio P\u00fablico y la Agencia Estatal de Investigaciones se encuentran en los lugares para el inicio de las diligencias.<\/p>\n","protected":false},"excerpt":{"rendered":"<p>Con una escasa participaci\u00f3n ciudadana dio inicio este domingo la Jornada de Participaci\u00f3n Ciudadana de Revocaci\u00f3n de Mandato que se<\/p>\n","protected":false},"author":4,"featured_media":78799,"comment_status":"closed","ping_status":"closed","sticky":false,"template":"","format":"standard","meta":{"colormag_page_container_layout":"default_layout","colormag_page_sidebar_layout":"default_layout","_jetpack_memberships_contains_paid_content":false,"footnotes":"","jetpack_publicize_message":"","jetpack_publicize_feature_enabled":true,"jetpack_social_post_already_shared":true,"jetpack_social_options":{"image_generator_settings":{"template":"highway","default_image_id":0,"font":"","enabled":false},"version":2}},"categories":[30],"tags":[],"class_list":["post-78798","post","type-post","status-publish","format-standard","has-post-thumbnail","hentry","category-estados"],"jetpack_publicize_connections":[],"jetpack_featured_media_url":"https:\/\/i0.wp.com\/politicosaldesnudo.com.mx\/wp-content\/uploads\/2026\/01\/SALO.jpg?fit=1200%2C800&ssl=1","jetpack-related-posts":[],"jetpack_sharing_enabled":true,"_links":{"self":[{"href":"https:\/\/politicosaldesnudo.com.mx\/index.php\/wp-json\/wp\/v2\/posts\/78798","targetHints":{"allow":["GET"]}}],"collection":[{"href":"https:\/\/politicosaldesnudo.com.mx\/index.php\/wp-json\/wp\/v2\/posts"}],"about":[{"href":"https:\/\/politicosaldesnudo.com.mx\/index.php\/wp-json\/wp\/v2\/types\/post"}],"author":[{"embeddable":true,"href":"https:\/\/politicosaldesnudo.com.mx\/index.php\/wp-json\/wp\/v2\/users\/4"}],"replies":[{"embeddable":true,"href":"https:\/\/politicosaldesnudo.com.mx\/index.php\/wp-json\/wp\/v2\/comments?post=78798"}],"version-history":[{"count":0,"href":"https:\/\/politicosaldesnudo.com.mx\/index.php\/wp-json\/wp\/v2\/posts\/78798\/revisions"}],"wp:featuredmedia":[{"embeddable":true,"href":"https:\/\/politicosaldesnudo.com.mx\/index.php\/wp-json\/wp\/v2\/media\/78799"}],"wp:attachment":[{"href":"https:\/\/politicosaldesnudo.com.mx\/index.php\/wp-json\/wp\/v2\/media?parent=78798"}],"wp:term":[{"taxonomy":"category","embeddable":true,"href":"https:\/\/politicosaldesnudo.com.mx\/index.php\/wp-json\/wp\/v2\/categories?post=78798"},{"taxonomy":"post_tag","embeddable":true,"href":"https:\/\/politicosaldesnudo.com.mx\/index.php\/wp-json\/wp\/v2\/tags?post=78798"}],"curies":[{"name":"wp","href":"https:\/\/api.w.org\/{rel}","templated":true}]}}