{"id":78801,"date":"2026-01-26T00:16:22","date_gmt":"2026-01-26T06:16:22","guid":{"rendered":"https:\/\/politicosaldesnudo.com.mx\/?p=78801"},"modified":"2026-01-25T20:00:28","modified_gmt":"2026-01-26T02:00:28","slug":"continuan-protestas-en-jalisco-contra-el-tarifazo-y-uso-obligatorio-de-tarjeta-visa","status":"publish","type":"post","link":"https:\/\/politicosaldesnudo.com.mx\/index.php\/2026\/01\/26\/continuan-protestas-en-jalisco-contra-el-tarifazo-y-uso-obligatorio-de-tarjeta-visa\/","title":{"rendered":"Contin\u00faan protestas en Jalisco contra el tarifazo y uso obligatorio de tarjeta VISA"},"content":{"rendered":"<p class=\"nota-justify\">Las protestas contra el aumento de la tarifa del transporte p\u00fablico en Jalisco, de 9.50 a 14 pesos, y la obligatoriedad de usar una tarjeta VISA de una financiera privada si se quiere pagar 11 pesos, continuaron este s\u00e1bado como ha sido una constante durante enero con marchas en el centro de la ciudad.<\/p>\n<p class=\"nota-justify\">\u00abFuera (Pablo) Lemus, fuera Lemus (gobernador de Jalisco)\u00bb y \u00abNo al tarifazo, no al tarifazo\u00bb, fueron las consignas m\u00e1s constantes durante la marcha que fue del parque Revoluci\u00f3n hacia plaza de armas, ruta que tambi\u00e9n se ha convertido en la m\u00e1s usada para manifestar la inconformidad.<\/p>\n<p class=\"nota-justify\">El grupo, antes de llegar a su destino frente a palacio de gobierno, se detuvo en plaza Universidad de manera improvisada para realizar un breve mitin aprovechando los muchos transe\u00fantes que pasaban por la zona y miraban la movilizaci\u00f3n.<\/p>\n<p class=\"nota-justify\">Con un meg\u00e1fono pidieron a los ciudadanos no tramitar la tarjeta naranja respaldada por la financiera Broxel, con la cual se pagar\u00eda la tarifa del transporte p\u00fablico en 11 y no 14 pesos, pues les recordaron que para eso antes tienen que entregar sus datos biom\u00e9tricos, de geolocalizaci\u00f3n y personales no solo al gobierno sino a dicha empresa.<\/p>\n<p class=\"nota-justify\">\u201c\u00bfC\u00f3mo es posible que cada tarjeta nos cueste 5.45 cada mes (cantidad que pagar\u00e1 el gobierno estatal por cada tarjeta activada), que se lleven nuestros datos biom\u00e9tricos. No la tramiten, o tienen prisa para que les cobren m\u00e1s en el transporte p\u00fablico?\u201d, pregunt\u00f3 Juan V\u00e1zquez, uno de los organizadores de la marcha, a las personas que miraban desde la acera.<\/p>\n<p class=\"nota-justify\">Al grito de \u201cRevocaci\u00f3n, revocaci\u00f3n\u201d la marcha continu\u00f3 su paso rumbo a plaza de armas, a donde finalmente se lleg\u00f3 y en cuya explanada se realiz\u00f3 el mitin que insisti\u00f3 sobre \u201cel mal gobierno naranja que no gobierna sino que roba\u201d.<\/p>\n<p class=\"nota-justify\">Se plante\u00f3 estatizar el transporte p\u00fablico en respuesta al argumento gubernamental de que el servicio es incosteable para los transportistas, lo que se utiliza como justificaci\u00f3n para otorgar subsidios y aumentar la tarifa.<\/p>\n<p class=\"nota-justify\">Se record\u00f3 que el servicio sol\u00eda contar con dos empresas paraestatales que fueron deliberadamente desmanteladas por los gobiernos del Partido Acci\u00f3n Nacional (PAN) que administraron el estado durante 18 a\u00f1os. En particular, se se\u00f1al\u00f3 el sexenio del actual senador Francisco Ram\u00edrez Acu\u00f1a, a quien se responsabiliza de haber \u00abdestruido\u00bb la paraestatal Sistecozome.<\/p>\n<p class=\"nota-justify\">El pr\u00f3ximo s\u00e1bado se realizar\u00e1 una nueva movilizaci\u00f3n, mientras a la par el viernes un grupo ciudadano present\u00f3 de manera formal ante el Instituto Electoral y de Participaci\u00f3n Ciudadana de Jalisco un total de 14 mil 873 firmas digitales y 554 hojas con firmas f\u00edsicas para sumar poco m\u00e1s de 20 mil 500 r\u00fabricas, con el objetivo de iniciar el proceso para llevar a referendo el acuerdo de incremento de tarifa firmado por el gobernador Lemus.<\/p>\n","protected":false},"excerpt":{"rendered":"<p>Las protestas contra el aumento de la tarifa del transporte p\u00fablico en Jalisco, de 9.50 a 14 pesos, y la<\/p>\n","protected":false},"author":4,"featured_media":78802,"comment_status":"closed","ping_status":"closed","sticky":false,"template":"","format":"standard","meta":{"colormag_page_container_layout":"default_layout","colormag_page_sidebar_layout":"default_layout","_jetpack_memberships_contains_paid_content":false,"footnotes":"","jetpack_publicize_message":"","jetpack_publicize_feature_enabled":true,"jetpack_social_post_already_shared":true,"jetpack_social_options":{"image_generator_settings":{"template":"highway","default_image_id":0,"font":"","enabled":false},"version":2}},"categories":[30],"tags":[],"class_list":["post-78801","post","type-post","status-publish","format-standard","has-post-thumbnail","hentry","category-estados"],"jetpack_publicize_connections":[],"jetpack_featured_media_url":"https:\/\/i0.wp.com\/politicosaldesnudo.com.mx\/wp-content\/uploads\/2026\/01\/PROPA.jpg?fit=1200%2C800&ssl=1","jetpack-related-posts":[],"jetpack_sharing_enabled":true,"_links":{"self":[{"href":"https:\/\/politicosaldesnudo.com.mx\/index.php\/wp-json\/wp\/v2\/posts\/78801","targetHints":{"allow":["GET"]}}],"collection":[{"href":"https:\/\/politicosaldesnudo.com.mx\/index.php\/wp-json\/wp\/v2\/posts"}],"about":[{"href":"https:\/\/politicosaldesnudo.com.mx\/index.php\/wp-json\/wp\/v2\/types\/post"}],"author":[{"embeddable":true,"href":"https:\/\/politicosaldesnudo.com.mx\/index.php\/wp-json\/wp\/v2\/users\/4"}],"replies":[{"embeddable":true,"href":"https:\/\/politicosaldesnudo.com.mx\/index.php\/wp-json\/wp\/v2\/comments?post=78801"}],"version-history":[{"count":0,"href":"https:\/\/politicosaldesnudo.com.mx\/index.php\/wp-json\/wp\/v2\/posts\/78801\/revisions"}],"wp:featuredmedia":[{"embeddable":true,"href":"https:\/\/politicosaldesnudo.com.mx\/index.php\/wp-json\/wp\/v2\/media\/78802"}],"wp:attachment":[{"href":"https:\/\/politicosaldesnudo.com.mx\/index.php\/wp-json\/wp\/v2\/media?parent=78801"}],"wp:term":[{"taxonomy":"category","embeddable":true,"href":"https:\/\/politicosaldesnudo.com.mx\/index.php\/wp-json\/wp\/v2\/categories?post=78801"},{"taxonomy":"post_tag","embeddable":true,"href":"https:\/\/politicosaldesnudo.com.mx\/index.php\/wp-json\/wp\/v2\/tags?post=78801"}],"curies":[{"name":"wp","href":"https:\/\/api.w.org\/{rel}","templated":true}]}}