{"id":78804,"date":"2026-01-26T00:17:54","date_gmt":"2026-01-26T06:17:54","guid":{"rendered":"https:\/\/politicosaldesnudo.com.mx\/?p=78804"},"modified":"2026-01-25T20:02:58","modified_gmt":"2026-01-26T02:02:58","slug":"brigada-mexicana-continua-combate-de-incendios-forestales-en-chile-hay-85-activos","status":"publish","type":"post","link":"https:\/\/politicosaldesnudo.com.mx\/index.php\/2026\/01\/26\/brigada-mexicana-continua-combate-de-incendios-forestales-en-chile-hay-85-activos\/","title":{"rendered":"Brigada mexicana contin\u00faa combate de incendios forestales en Chile; hay 85 activos"},"content":{"rendered":"<p>La brigada mexicana de 145 combatientes de incendios contin\u00faa con las labores de apoyo en Chile, ante los 85 siniestros activos que presenta el pa\u00eds sudamericano. Desde su llegada, el 22 de enero, han realizado la apertura de brechas con machete y motosierra, la detecci\u00f3n y liquidaci\u00f3n de puntos calientes, as\u00ed como evaluaci\u00f3n, vigilancia y rastreo en los per\u00edmetros de los incendios, inform\u00f3 la Comisi\u00f3n Nacional Forestal (Conafor).<\/p>\n<p>El contingente, que fue trasladado por la Fuerza A\u00e9rea chilena el 21 de enero, se instal\u00f3 en San Pedro de la Paz, en la regi\u00f3n del Biob\u00edo, donde iniciaron las labores de apoyo en el combate a los incendios forestales en coordinaci\u00f3n con la Corporaci\u00f3n Nacional Forestal de Chile (Conaf).<\/p>\n<p>El grupo est\u00e1 integrado por 141 hombres y cuatro mujeres de 24 entidades del pa\u00eds, con experiencia en combate y manejo integral del fuego, incluyendo dos jefas de brigada que liderar\u00e1n directamente las labores en campo. Se dividieron en siete brigadas, cuatro atender\u00e1n el incendio en la regi\u00f3n de Biob\u00edo y tres apoyar\u00e1n la regi\u00f3n de la Araucan\u00eda.<\/p>\n<p>Actualmente, Chile enfrenta 85 incendios forestales activos con una superficie estimada de 43 mil 401 hect\u00e1reas, principalmente en las regiones de Biob\u00edo, la Araucan\u00eda y \u00d1uble, favorecidos por altas temperaturas, baja humedad relativa y fuertes vientos, de acuerdo con la Conaf.<\/p>\n<p>Junto con los combatientes chilenos, se han intervenido varios kil\u00f3metros de l\u00edneas de control y se llev\u00f3 a cabo la atenci\u00f3n directa de puntos activos de fuego, acciones que contribuyen a contener la propagaci\u00f3n de los incendios y a proteger comunidades y ecosistemas en las zonas afectadas.<\/p>\n<p>El director ejecutivo de la Conaf, Rodrigo Illesca Rojas, visit\u00f3 el sitio de pernocta de las brigadas mexicanas, donde reconoci\u00f3 el apoyo brindado por M\u00e9xico y la coordinaci\u00f3n operativa entre ambos pa\u00edses.<\/p>\n<p>La Conafor indic\u00f3 que el env\u00edo de brigadistas se suma a las acciones de apoyo humanitario que M\u00e9xico ha brindado previamente a Chile: en 2017 se traslad\u00f3 un contingente de 58 personas combatientes y t\u00e9cnicas, y en 2023 se realiz\u00f3 un despliegue con 180 personas de la Conafor y 120 elementos de las Fuerzas Armadas Mexicanas.<\/p>\n","protected":false},"excerpt":{"rendered":"<p>La brigada mexicana de 145 combatientes de incendios contin\u00faa con las labores de apoyo en Chile, ante los 85 siniestros<\/p>\n","protected":false},"author":4,"featured_media":78805,"comment_status":"closed","ping_status":"closed","sticky":false,"template":"","format":"standard","meta":{"colormag_page_container_layout":"default_layout","colormag_page_sidebar_layout":"default_layout","_jetpack_memberships_contains_paid_content":false,"footnotes":"","jetpack_publicize_message":"","jetpack_publicize_feature_enabled":true,"jetpack_social_post_already_shared":true,"jetpack_social_options":{"image_generator_settings":{"template":"highway","default_image_id":0,"font":"","enabled":false},"version":2}},"categories":[28],"tags":[],"class_list":["post-78804","post","type-post","status-publish","format-standard","has-post-thumbnail","hentry","category-internacional"],"jetpack_publicize_connections":[],"jetpack_featured_media_url":"https:\/\/i0.wp.com\/politicosaldesnudo.com.mx\/wp-content\/uploads\/2026\/01\/AHYU.jpg?fit=1200%2C900&ssl=1","jetpack-related-posts":[],"jetpack_sharing_enabled":true,"_links":{"self":[{"href":"https:\/\/politicosaldesnudo.com.mx\/index.php\/wp-json\/wp\/v2\/posts\/78804","targetHints":{"allow":["GET"]}}],"collection":[{"href":"https:\/\/politicosaldesnudo.com.mx\/index.php\/wp-json\/wp\/v2\/posts"}],"about":[{"href":"https:\/\/politicosaldesnudo.com.mx\/index.php\/wp-json\/wp\/v2\/types\/post"}],"author":[{"embeddable":true,"href":"https:\/\/politicosaldesnudo.com.mx\/index.php\/wp-json\/wp\/v2\/users\/4"}],"replies":[{"embeddable":true,"href":"https:\/\/politicosaldesnudo.com.mx\/index.php\/wp-json\/wp\/v2\/comments?post=78804"}],"version-history":[{"count":0,"href":"https:\/\/politicosaldesnudo.com.mx\/index.php\/wp-json\/wp\/v2\/posts\/78804\/revisions"}],"wp:featuredmedia":[{"embeddable":true,"href":"https:\/\/politicosaldesnudo.com.mx\/index.php\/wp-json\/wp\/v2\/media\/78805"}],"wp:attachment":[{"href":"https:\/\/politicosaldesnudo.com.mx\/index.php\/wp-json\/wp\/v2\/media?parent=78804"}],"wp:term":[{"taxonomy":"category","embeddable":true,"href":"https:\/\/politicosaldesnudo.com.mx\/index.php\/wp-json\/wp\/v2\/categories?post=78804"},{"taxonomy":"post_tag","embeddable":true,"href":"https:\/\/politicosaldesnudo.com.mx\/index.php\/wp-json\/wp\/v2\/tags?post=78804"}],"curies":[{"name":"wp","href":"https:\/\/api.w.org\/{rel}","templated":true}]}}