{"id":78807,"date":"2026-01-26T00:18:26","date_gmt":"2026-01-26T06:18:26","guid":{"rendered":"https:\/\/politicosaldesnudo.com.mx\/?p=78807"},"modified":"2026-01-25T20:06:01","modified_gmt":"2026-01-26T02:06:01","slug":"grupos-pro-armas-de-eu-se-dicen-estigmatizados-por-postura-federal-sobre-alex-pretti","status":"publish","type":"post","link":"https:\/\/politicosaldesnudo.com.mx\/index.php\/2026\/01\/26\/grupos-pro-armas-de-eu-se-dicen-estigmatizados-por-postura-federal-sobre-alex-pretti\/","title":{"rendered":"Grupos pro armas de EU se dicen estigmatizados por postura federal sobre Alex Pretti"},"content":{"rendered":"<p class=\"nota-justify\">Organizaciones defensoras del derecho a portar armas criticaron este domingo los se\u00f1alamientos de funcionarios federales tras el tiroteo en el que muri\u00f3 Alex Pretti, enfermero de 37 a\u00f1os, durante una protesta en Mine\u00e1polis, al considerar que se estigmatiz\u00f3 a propietarios legales de armas de fuego, inform\u00f3 USA Today.<\/p>\n<p class=\"nota-justify\">La controversia se desat\u00f3 luego de que autoridades federales afirmaran que Pretti portaba un arma y representaba una amenaza para los agentes; sin embargo, videos difundidos y el testimonio de un testigo se\u00f1alaron que el manifestante sosten\u00eda un tel\u00e9fono m\u00f3vil al momento del forcejeo y no bland\u00eda un arma. El jefe de la polic\u00eda local indic\u00f3 que Pretti contaba con licencia para portar arma oculta.<\/p>\n<p class=\"nota-justify\">El jefe de polic\u00eda de Mine\u00e1polis declar\u00f3 que Pretti ten\u00eda una licencia para portar armas ocultas. Horas despu\u00e9s del tiroteo fatal, el fiscal federal adjunto, Bill Essayli, en el sur de California se dirigi\u00f3 a X y poste\u00f3: \u00abSi te acercas a las fuerzas del orden con un arma, es muy probable que tengan justificaci\u00f3n legal para dispararte. \u00a1No lo hagas!\u00bb. Otros miembros de la administraci\u00f3n Trump argumentaron que los manifestantes pac\u00edficos no se presentan con arma.<\/p>\n<p class=\"nota-justify\">Declaraciones posteriores de funcionarios federales, que sugirieron que acercarse armado a fuerzas del orden pod\u00eda justificar el uso de fuerza letal, fueron rechazadas por organizaciones como la Asociaci\u00f3n Nacional del Rifle y Gun Owners for America, que pidieron esperar el resultado de las investigaciones y evitar generalizaciones contra ciudadanos que cumplen la ley.<\/p>\n<p class=\"nota-justify\">Tras el tiroteo, varios funcionarios de la administraci\u00f3n Trump sugirieron que los manifestantes pac\u00edficos no lleven armas de fuego consigo. \u00abNo conozco a ning\u00fan manifestante pac\u00edfico que se presente con un arma y municiones en lugar de un cartel\u00bb, declar\u00f3 la secretaria del Departamento de Seguridad Nacional, Kristi Noem, en una conferencia de prensa horas despu\u00e9s del tiroteo. \u00abEsto es un disturbio violento cuando alguien se presenta con armas\u00bb.<\/p>\n<p class=\"nota-justify\">Aunque un fiscal federal adjunto matiz\u00f3 despu\u00e9s sus dichos y sostuvo que se refer\u00eda a personas que se aproximan de manera agresiva y se niegan a desarmarse, los grupos proarmas advirtieron que el caso evidenci\u00f3 la tensi\u00f3n entre las operaciones federales de seguridad y el ejercicio de derechos constitucionales durante protestas p\u00fablicas.<\/p>\n","protected":false},"excerpt":{"rendered":"<p>Organizaciones defensoras del derecho a portar armas criticaron este domingo los se\u00f1alamientos de funcionarios federales tras el tiroteo en el<\/p>\n","protected":false},"author":4,"featured_media":78808,"comment_status":"closed","ping_status":"closed","sticky":false,"template":"","format":"standard","meta":{"colormag_page_container_layout":"default_layout","colormag_page_sidebar_layout":"default_layout","_jetpack_memberships_contains_paid_content":false,"footnotes":"","jetpack_publicize_message":"","jetpack_publicize_feature_enabled":true,"jetpack_social_post_already_shared":true,"jetpack_social_options":{"image_generator_settings":{"template":"highway","default_image_id":0,"font":"","enabled":false},"version":2}},"categories":[28],"tags":[],"class_list":["post-78807","post","type-post","status-publish","format-standard","has-post-thumbnail","hentry","category-internacional"],"jetpack_publicize_connections":[],"jetpack_featured_media_url":"https:\/\/i0.wp.com\/politicosaldesnudo.com.mx\/wp-content\/uploads\/2026\/01\/DED.jpg?fit=1200%2C800&ssl=1","jetpack-related-posts":[],"jetpack_sharing_enabled":true,"_links":{"self":[{"href":"https:\/\/politicosaldesnudo.com.mx\/index.php\/wp-json\/wp\/v2\/posts\/78807","targetHints":{"allow":["GET"]}}],"collection":[{"href":"https:\/\/politicosaldesnudo.com.mx\/index.php\/wp-json\/wp\/v2\/posts"}],"about":[{"href":"https:\/\/politicosaldesnudo.com.mx\/index.php\/wp-json\/wp\/v2\/types\/post"}],"author":[{"embeddable":true,"href":"https:\/\/politicosaldesnudo.com.mx\/index.php\/wp-json\/wp\/v2\/users\/4"}],"replies":[{"embeddable":true,"href":"https:\/\/politicosaldesnudo.com.mx\/index.php\/wp-json\/wp\/v2\/comments?post=78807"}],"version-history":[{"count":0,"href":"https:\/\/politicosaldesnudo.com.mx\/index.php\/wp-json\/wp\/v2\/posts\/78807\/revisions"}],"wp:featuredmedia":[{"embeddable":true,"href":"https:\/\/politicosaldesnudo.com.mx\/index.php\/wp-json\/wp\/v2\/media\/78808"}],"wp:attachment":[{"href":"https:\/\/politicosaldesnudo.com.mx\/index.php\/wp-json\/wp\/v2\/media?parent=78807"}],"wp:term":[{"taxonomy":"category","embeddable":true,"href":"https:\/\/politicosaldesnudo.com.mx\/index.php\/wp-json\/wp\/v2\/categories?post=78807"},{"taxonomy":"post_tag","embeddable":true,"href":"https:\/\/politicosaldesnudo.com.mx\/index.php\/wp-json\/wp\/v2\/tags?post=78807"}],"curies":[{"name":"wp","href":"https:\/\/api.w.org\/{rel}","templated":true}]}}