{"id":78810,"date":"2026-01-26T00:19:30","date_gmt":"2026-01-26T06:19:30","guid":{"rendered":"https:\/\/politicosaldesnudo.com.mx\/?p=78810"},"modified":"2026-01-25T20:08:41","modified_gmt":"2026-01-26T02:08:41","slug":"iran-promete-castigos-sin-clemencia-a-quienes-hayan-instigado-protestas","status":"publish","type":"post","link":"https:\/\/politicosaldesnudo.com.mx\/index.php\/2026\/01\/26\/iran-promete-castigos-sin-clemencia-a-quienes-hayan-instigado-protestas\/","title":{"rendered":"Ir\u00e1n promete castigos \u00absin clemencia\u00bb a quienes hayan instigado protestas"},"content":{"rendered":"<p class=\"nota-justify\">El presidente del poder judicial iran\u00ed advirti\u00f3 este domingo que quienes est\u00e1n detr\u00e1s de la reciente ola de protestas antigubernamentales podr\u00edan recibir un castigo \u00absin la menor clemencia\u00bb.<\/p>\n<p class=\"nota-justify\">\u00abLa justicia implica juzgar y castigar sin la menor clemencia a los criminales que tomaron las armas y asesinaron personas, o cometieron incendios, destrucci\u00f3n y masacres\u00bb declar\u00f3 Gholamhosein Mohseni Ejei, citado por el portal oficial de noticias en l\u00ednea Mizan del Poder Judicial.<\/p>\n<p class=\"nota-justify\">\u00abEl pueblo exige con raz\u00f3n que los acusados y los principales instigadores de los disturbios, los actos de terrorismo y la violencia sean juzgados lo antes posible y castigados si son declarados culpables\u00bb, a\u00f1adi\u00f3.<\/p>\n<p class=\"nota-justify\">Las manifestaciones comenzaron a principios de enero en rechazo al costo de la vida y se convirtieron en un movimiento de protesta m\u00e1s amplio que represent\u00f3 el mayor desaf\u00edo en a\u00f1os al poder clerical que gobierna la rep\u00fablica isl\u00e1mica.<\/p>\n<p class=\"nota-justify\">El gobierno sofoc\u00f3 las protestas y bloque\u00f3 las conexiones de Internet.<\/p>\n<p class=\"nota-justify\">El gobierno iran\u00ed cifr\u00f3 los muertos en las protestas en 3 mil 117, incluyendo a 2 mil 427 personas calificadas de \u00abm\u00e1rtires\u00bb, t\u00e9rmino utilizado para distinguir a los miembros de las fuerzas de seguridad y transe\u00fantes inocentes de aquellos descritos por las autoridades como \u00abalborotadores\u00bb incitados por Estados Unidos e Israel.<\/p>\n","protected":false},"excerpt":{"rendered":"<p>El presidente del poder judicial iran\u00ed advirti\u00f3 este domingo que quienes est\u00e1n detr\u00e1s de la reciente ola de protestas antigubernamentales<\/p>\n","protected":false},"author":4,"featured_media":78811,"comment_status":"closed","ping_status":"closed","sticky":false,"template":"","format":"standard","meta":{"colormag_page_container_layout":"default_layout","colormag_page_sidebar_layout":"default_layout","_jetpack_memberships_contains_paid_content":false,"footnotes":"","jetpack_publicize_message":"","jetpack_publicize_feature_enabled":true,"jetpack_social_post_already_shared":true,"jetpack_social_options":{"image_generator_settings":{"template":"highway","default_image_id":0,"font":"","enabled":false},"version":2}},"categories":[28],"tags":[],"class_list":["post-78810","post","type-post","status-publish","format-standard","has-post-thumbnail","hentry","category-internacional"],"jetpack_publicize_connections":[],"jetpack_featured_media_url":"https:\/\/i0.wp.com\/politicosaldesnudo.com.mx\/wp-content\/uploads\/2026\/01\/IREL.jpg?fit=1200%2C800&ssl=1","jetpack-related-posts":[],"jetpack_sharing_enabled":true,"_links":{"self":[{"href":"https:\/\/politicosaldesnudo.com.mx\/index.php\/wp-json\/wp\/v2\/posts\/78810","targetHints":{"allow":["GET"]}}],"collection":[{"href":"https:\/\/politicosaldesnudo.com.mx\/index.php\/wp-json\/wp\/v2\/posts"}],"about":[{"href":"https:\/\/politicosaldesnudo.com.mx\/index.php\/wp-json\/wp\/v2\/types\/post"}],"author":[{"embeddable":true,"href":"https:\/\/politicosaldesnudo.com.mx\/index.php\/wp-json\/wp\/v2\/users\/4"}],"replies":[{"embeddable":true,"href":"https:\/\/politicosaldesnudo.com.mx\/index.php\/wp-json\/wp\/v2\/comments?post=78810"}],"version-history":[{"count":0,"href":"https:\/\/politicosaldesnudo.com.mx\/index.php\/wp-json\/wp\/v2\/posts\/78810\/revisions"}],"wp:featuredmedia":[{"embeddable":true,"href":"https:\/\/politicosaldesnudo.com.mx\/index.php\/wp-json\/wp\/v2\/media\/78811"}],"wp:attachment":[{"href":"https:\/\/politicosaldesnudo.com.mx\/index.php\/wp-json\/wp\/v2\/media?parent=78810"}],"wp:term":[{"taxonomy":"category","embeddable":true,"href":"https:\/\/politicosaldesnudo.com.mx\/index.php\/wp-json\/wp\/v2\/categories?post=78810"},{"taxonomy":"post_tag","embeddable":true,"href":"https:\/\/politicosaldesnudo.com.mx\/index.php\/wp-json\/wp\/v2\/tags?post=78810"}],"curies":[{"name":"wp","href":"https:\/\/api.w.org\/{rel}","templated":true}]}}