{"id":78819,"date":"2026-01-26T00:02:46","date_gmt":"2026-01-26T06:02:46","guid":{"rendered":"https:\/\/politicosaldesnudo.com.mx\/?p=78819"},"modified":"2026-01-25T22:54:44","modified_gmt":"2026-01-26T04:54:44","slug":"tema-apasionante","status":"publish","type":"post","link":"https:\/\/politicosaldesnudo.com.mx\/index.php\/2026\/01\/26\/tema-apasionante\/","title":{"rendered":"Tema apasionante"},"content":{"rendered":"<p>Por solicitud expresa de la Sra. Regina Seemann Audiffred, la Academia de Derecho Penal del Colegio Nacional de Abogados Foro de M\u00e9xico, aborda el tema de la violencia institucional, y m\u00e1s a\u00fan, de la violencia de g\u00e9nero que padece el sector m\u00e1s vulnerable de la Rep\u00fablica: el sector femenino.\u00a0 No obstante que ese fen\u00f3meno no es nuevo en el derecho penal, la forma en que sigue aplic\u00e1ndose ese derecho en el segundo piso de la Cuarta Transformaci\u00f3n, debe de ser catalogado de aplicaci\u00f3n masculina, no obstante digan lo que digan nuestros gobernantes y autoridades del medio de procuraci\u00f3n e impartici\u00f3n de justicia, ese derecho no ha alcanzado plenamente al sector femenino.<\/p>\n<p>La inserci\u00f3n efectuada hace algunos ayeres de la violencia intrafamiliar en el Derecho Penal Mexicano y su tipificaci\u00f3n como conducta delictiva, conduce a dicho ateneo a reflexionar sobre el tema del que tanto se habla y poco se act\u00faa; con el ferviente deseo de acercarse a una conclusi\u00f3n.<\/p>\n<p>A los inicios de esta colaboraci\u00f3n en el presente medio de comunicaci\u00f3n, en relaci\u00f3n a lo antepuesto, surgen algunas interpelaciones: \u00bfel derecho penal es de g\u00e9nero, es sexista? y ello se pregunta, ya que en la pr\u00e1ctica actual de nuestras instituciones de justicia se ha puesto a las mujeres en desventaja frente a la corrupci\u00f3n econ\u00f3mica y pol\u00edtica. Ejemplo de ello existen por miles, ya que muchas mujeres son investigadas o juzgadas en desventaja y con protocolos diferentes e inapropiados, se sigue haciendo una distinci\u00f3n entre el poder de la corrupci\u00f3n pol\u00edtica y econ\u00f3mica con la ley.<\/p>\n<p>Si en verdad la Primera Magistrada de la Naci\u00f3n y los o las fiscales e impartidores de justicia eliminaran la diferencia existente entre corrupci\u00f3n y legalidad, se lograr\u00eda eliminar la diferencia que impide a las mujeres acceder a la justicia y por consecuencia l\u00f3gica jur\u00eddica, por ello, se crear\u00edan las condiciones bajo las cuales nuestro C\u00f3digo Penal dejar\u00eda de crear desventaja entre hombres corruptos y mujeres honestas que desean adherirse a la justicia.<\/p>\n<p>Las togas de independencia de la Naci\u00f3n desean precisar que las familias de esas mujeres en desventaja con la ley,\u00a0 son el pilar de formaci\u00f3n de la consciencia de sus descendientes, esas damas son las que estrechan los lazos de afecto, su finalidad es formar a sus hijos en un ambiente de legalidad donde sean respetados los valores morales e intelectuales necesarios para buscar un M\u00e9xico de bien.<\/p>\n<p>Sin embargo, por circunstancias de corrupci\u00f3n, la funcionalidad de nuestro Derecho Penal ha variado, dando origen a brindar impunidad a un agresor sexual de sus menores hijos como lo es Guillermo Alejandro Sesma Su\u00e1rez, hermano de ese tal dirigente de importancia del Partido Verde Ecologista.<\/p>\n<p>\u00bfPermitir\u00e1 la Presidenta Constitucional que ese caso y muchos m\u00e1s contin\u00faen as\u00ed?.<\/p>\n<p>\u00bfLo seguir\u00e1n permitiendo las mujeres que luchan por alcanzar justicia?.<\/p>\n<p>\u00bfLas autoridades del medio de justicia seguir\u00e1n actuando en beneficio del sector masculino?.<\/p>\n<p>Es cu\u00e1nto.<\/p>\n<p><img data-recalc-dims=\"1\" loading=\"lazy\" decoding=\"async\" class=\"aligncenter size-full wp-image-78817\" src=\"https:\/\/i0.wp.com\/politicosaldesnudo.com.mx\/wp-content\/uploads\/2026\/01\/FIRMA-EDITORIAL-PD-6.jpg?resize=800%2C98&#038;ssl=1\" alt=\"\" width=\"800\" height=\"98\" srcset=\"https:\/\/i0.wp.com\/politicosaldesnudo.com.mx\/wp-content\/uploads\/2026\/01\/FIRMA-EDITORIAL-PD-6.jpg?w=1024&amp;ssl=1 1024w, https:\/\/i0.wp.com\/politicosaldesnudo.com.mx\/wp-content\/uploads\/2026\/01\/FIRMA-EDITORIAL-PD-6.jpg?resize=300%2C37&amp;ssl=1 300w, https:\/\/i0.wp.com\/politicosaldesnudo.com.mx\/wp-content\/uploads\/2026\/01\/FIRMA-EDITORIAL-PD-6.jpg?resize=768%2C94&amp;ssl=1 768w\" sizes=\"auto, (max-width: 800px) 100vw, 800px\" \/><\/p>\n","protected":false},"excerpt":{"rendered":"<p>Por solicitud expresa de la Sra. Regina Seemann Audiffred, la Academia de Derecho Penal del Colegio Nacional de Abogados Foro<\/p>\n","protected":false},"author":4,"featured_media":75691,"comment_status":"closed","ping_status":"closed","sticky":false,"template":"","format":"standard","meta":{"colormag_page_container_layout":"default_layout","colormag_page_sidebar_layout":"default_layout","_jetpack_memberships_contains_paid_content":false,"footnotes":"","jetpack_publicize_message":"","jetpack_publicize_feature_enabled":true,"jetpack_social_post_already_shared":true,"jetpack_social_options":{"image_generator_settings":{"template":"highway","default_image_id":0,"font":"","enabled":false},"version":2}},"categories":[26],"tags":[],"class_list":["post-78819","post","type-post","status-publish","format-standard","has-post-thumbnail","hentry","category-columnistas"],"jetpack_publicize_connections":[],"jetpack_featured_media_url":"https:\/\/i0.wp.com\/politicosaldesnudo.com.mx\/wp-content\/uploads\/2025\/11\/WOODLRICH.jpg?fit=800%2C445&ssl=1","jetpack-related-posts":[],"jetpack_sharing_enabled":true,"_links":{"self":[{"href":"https:\/\/politicosaldesnudo.com.mx\/index.php\/wp-json\/wp\/v2\/posts\/78819","targetHints":{"allow":["GET"]}}],"collection":[{"href":"https:\/\/politicosaldesnudo.com.mx\/index.php\/wp-json\/wp\/v2\/posts"}],"about":[{"href":"https:\/\/politicosaldesnudo.com.mx\/index.php\/wp-json\/wp\/v2\/types\/post"}],"author":[{"embeddable":true,"href":"https:\/\/politicosaldesnudo.com.mx\/index.php\/wp-json\/wp\/v2\/users\/4"}],"replies":[{"embeddable":true,"href":"https:\/\/politicosaldesnudo.com.mx\/index.php\/wp-json\/wp\/v2\/comments?post=78819"}],"version-history":[{"count":0,"href":"https:\/\/politicosaldesnudo.com.mx\/index.php\/wp-json\/wp\/v2\/posts\/78819\/revisions"}],"wp:featuredmedia":[{"embeddable":true,"href":"https:\/\/politicosaldesnudo.com.mx\/index.php\/wp-json\/wp\/v2\/media\/75691"}],"wp:attachment":[{"href":"https:\/\/politicosaldesnudo.com.mx\/index.php\/wp-json\/wp\/v2\/media?parent=78819"}],"wp:term":[{"taxonomy":"category","embeddable":true,"href":"https:\/\/politicosaldesnudo.com.mx\/index.php\/wp-json\/wp\/v2\/categories?post=78819"},{"taxonomy":"post_tag","embeddable":true,"href":"https:\/\/politicosaldesnudo.com.mx\/index.php\/wp-json\/wp\/v2\/tags?post=78819"}],"curies":[{"name":"wp","href":"https:\/\/api.w.org\/{rel}","templated":true}]}}