{"id":78821,"date":"2026-01-26T00:03:08","date_gmt":"2026-01-26T06:03:08","guid":{"rendered":"https:\/\/politicosaldesnudo.com.mx\/?p=78821"},"modified":"2026-01-25T22:58:48","modified_gmt":"2026-01-26T04:58:48","slug":"el-escandalo-en-baja-california-y-el-silencio-de-la-fgr","status":"publish","type":"post","link":"https:\/\/politicosaldesnudo.com.mx\/index.php\/2026\/01\/26\/el-escandalo-en-baja-california-y-el-silencio-de-la-fgr\/","title":{"rendered":"El esc\u00e1ndalo en Baja California y el silencio de la FGR"},"content":{"rendered":"<p><strong>Marina del Pilar\u00a0<\/strong>confirm\u00f3 la nota y solt\u00f3 los rumores.<\/p>\n<p><strong>Carlos Torres<\/strong>, exesposo de la gobernadora, es investigado por la Fiscal\u00eda General de la Rep\u00fablica (FGR), revel\u00f3 el noticiero\u00a0<strong><em>N+ Focus<\/em><\/strong>, de Televisa.<\/p>\n<p><em>\u00a0<\/em>-Se trata del mismo tema de aproximadamente hace un mes, mes y medio, donde salieron unos citatorios filtrados -acept\u00f3 la mandataria de Baja California.<\/p>\n<p>Hasta ah\u00ed lo conocido.<\/p>\n<p><strong>Torres<\/strong>\u00a0se convirti\u00f3 en figura nacional cuando Estados Unidos le retir\u00f3 la visa el a\u00f1o pasado y hoy es acusado de tr\u00e1fico de drogas, armas y\u00a0<em>lavado\u00a0<\/em>de dinero.<\/p>\n<p>A partir de esos cargos hay quienes auguran su inminente detenci\u00f3n y entrega a Washington en la siguiente remesa de delincuentes por parte del gobierno de\u00a0<strong>Claudia Sheinbaum<\/strong>.<\/p>\n<p>Ante tantos se\u00f1alamientos, ayer\u00a0<strong>Marina\u00a0<\/strong>confirm\u00f3 su separaci\u00f3n legal \u2013\u201cnos divorciamos el 24 de noviembre\u201d- y rest\u00f3 importancia a las indagatorias.<\/p>\n<p>La Fiscal\u00eda debe investigar todas las denuncias, abund\u00f3, pero hay un dato en sentido inverso: la denuncia fue presentada el 11 de junio de 2025 y no han comparecido los se\u00f1alados.<\/p>\n<p>-A m\u00ed no me han citado. Me present\u00e9 voluntariamente ante la FGR y no hay nada en mi contra -dijo la semana pasada en entrevista el senador\u00a0<strong>Armando Ayala<\/strong>.<\/p>\n<p><strong>\u00c9XITO EN FITUR<\/strong><\/p>\n<p><strong>Josefina Rodr\u00edguez\u00a0<\/strong>se ha reivindicado.<\/p>\n<p>El \u00e9xito de M\u00e9xico en la Feria Internacional de Turismo (Fitur) margina de momento a quienes ve\u00edan su ca\u00edda o la posibilidad de sucederla.<\/p>\n<p>Hay muchos aspirantes a ese cargo.<\/p>\n<p>Inclusive algunos colaboradores de la expanista\u00a0<strong>Gabriela Cuevas\u00a0<\/strong>ya so\u00f1aban con una oficina en el edificio central de Presidente Masaryk.<\/p>\n<p><strong>Gabriela<\/strong>\u00a0debe continuar su ruta de representante del gobierno de\u00a0<strong>Claudia Sheinbaum<\/strong>\u00a0en la organizaci\u00f3n, desarrollo y \u00e9xito del Mundial de Futbol.<\/p>\n<p>Tiene mucho trabajo todav\u00eda y ser\u00eda ocioso aspirar a un cargo en el Gabinete presidencial tras el buen desarrollo de la Feria visitada ayer por los reyes de Espa\u00f1a.<\/p>\n<p><strong>LOS OTROS DATOS<\/strong><\/p>\n<p>1.- Hay una cifra perdida.<\/p>\n<p>En el reporte difundido ayer sobre homicidios dolosos en la primera mitad de 2025 se dio un n\u00famero: 19 mil 974.<\/p>\n<p>Pero el 8 de enero en Palacio Nacional se proporcion\u00f3 a los medios un dato mayor: 23 mil 374.<\/p>\n<p>\u00bfD\u00f3nde quedaron los tres mil 400 de diferencia?<\/p>\n<p>2.- La historia de\u00a0<strong><em>El Mochaorejas<\/em><\/strong>\u00a0ser\u00e1 conocida internacionalmente a trav\u00e9s de una serie impulsada por Televisa.<\/p>\n<p>La premier ser\u00e1 transmitida este viernes en ViX Premium con estrellas como\u00a0<strong>Dami\u00e1n Alc\u00e1zar<\/strong>,\u00a0<strong>Paulina Gait\u00e1n<\/strong>,<strong>\u00a0Arcelia Ram\u00edrez<\/strong>,\u00a0<strong>Ariana Saavedra\u00a0<\/strong>y otros actores.<\/p>\n<p>El criminal,\u00a0<strong>Daniel Arizmendi<\/strong>\u00a0en la vida real y famoso por mutilar a sus v\u00edctimas, fue capturado el 17 de agosto de 1998 tras m\u00faltiples denuncias, secuestros y homicidios.<\/p>\n<p>Y 3.- El diputado federal\u00a0<strong>Ulises Mej\u00eda Haro<\/strong>\u00a0ha multiplicado sus recorridos en Zacatecas con el evidente objetivo de ser candidato de Morena.<\/p>\n<p>Ese activismo lo ha colocado en las preferencias para gobernador con 35 por ciento, seg\u00fan la encuesta reciente de Statistical Research Corporation.<\/p>\n<p>Atr\u00e1s de \u00e9l vienen\u00a0<strong>Jos\u00e9 Narro<\/strong>\u00a0(20.2 por ciento) y la senadora\u00a0<strong>Ver\u00f3nica D\u00edaz<\/strong>\u00a0con 12.3 puntos.<\/p>\n<p>Si se mantuviera la alianza con el Verde y el PT,\u00a0<strong>Mej\u00eda Haro\u00a0<\/strong>tendr\u00eda 33.4 puntos y superar\u00eda con m\u00e1s de diez al opositor\u00a0<strong>Adolfo\u00a0<em>Fito\u00a0<\/em>Bonilla<\/strong><em>.<\/em><\/p>\n<p><img data-recalc-dims=\"1\" loading=\"lazy\" decoding=\"async\" class=\"aligncenter size-full wp-image-78817\" src=\"https:\/\/i0.wp.com\/politicosaldesnudo.com.mx\/wp-content\/uploads\/2026\/01\/FIRMA-EDITORIAL-PD-6.jpg?resize=800%2C98&#038;ssl=1\" alt=\"\" width=\"800\" height=\"98\" srcset=\"https:\/\/i0.wp.com\/politicosaldesnudo.com.mx\/wp-content\/uploads\/2026\/01\/FIRMA-EDITORIAL-PD-6.jpg?w=1024&amp;ssl=1 1024w, https:\/\/i0.wp.com\/politicosaldesnudo.com.mx\/wp-content\/uploads\/2026\/01\/FIRMA-EDITORIAL-PD-6.jpg?resize=300%2C37&amp;ssl=1 300w, https:\/\/i0.wp.com\/politicosaldesnudo.com.mx\/wp-content\/uploads\/2026\/01\/FIRMA-EDITORIAL-PD-6.jpg?resize=768%2C94&amp;ssl=1 768w\" sizes=\"auto, (max-width: 800px) 100vw, 800px\" \/><\/p>\n","protected":false},"excerpt":{"rendered":"<p>Marina del Pilar\u00a0confirm\u00f3 la nota y solt\u00f3 los rumores. Carlos Torres, exesposo de la gobernadora, es investigado por la Fiscal\u00eda<\/p>\n","protected":false},"author":4,"featured_media":78037,"comment_status":"closed","ping_status":"closed","sticky":false,"template":"","format":"standard","meta":{"colormag_page_container_layout":"default_layout","colormag_page_sidebar_layout":"default_layout","_jetpack_memberships_contains_paid_content":false,"footnotes":"","jetpack_publicize_message":"","jetpack_publicize_feature_enabled":true,"jetpack_social_post_already_shared":true,"jetpack_social_options":{"image_generator_settings":{"template":"highway","default_image_id":0,"font":"","enabled":false},"version":2}},"categories":[26],"tags":[],"class_list":["post-78821","post","type-post","status-publish","format-standard","has-post-thumbnail","hentry","category-columnistas"],"jetpack_publicize_connections":[],"jetpack_featured_media_url":"https:\/\/i0.wp.com\/politicosaldesnudo.com.mx\/wp-content\/uploads\/2026\/01\/BANNER-JOSE-URENA.jpg?fit=800%2C445&ssl=1","jetpack-related-posts":[],"jetpack_sharing_enabled":true,"_links":{"self":[{"href":"https:\/\/politicosaldesnudo.com.mx\/index.php\/wp-json\/wp\/v2\/posts\/78821","targetHints":{"allow":["GET"]}}],"collection":[{"href":"https:\/\/politicosaldesnudo.com.mx\/index.php\/wp-json\/wp\/v2\/posts"}],"about":[{"href":"https:\/\/politicosaldesnudo.com.mx\/index.php\/wp-json\/wp\/v2\/types\/post"}],"author":[{"embeddable":true,"href":"https:\/\/politicosaldesnudo.com.mx\/index.php\/wp-json\/wp\/v2\/users\/4"}],"replies":[{"embeddable":true,"href":"https:\/\/politicosaldesnudo.com.mx\/index.php\/wp-json\/wp\/v2\/comments?post=78821"}],"version-history":[{"count":0,"href":"https:\/\/politicosaldesnudo.com.mx\/index.php\/wp-json\/wp\/v2\/posts\/78821\/revisions"}],"wp:featuredmedia":[{"embeddable":true,"href":"https:\/\/politicosaldesnudo.com.mx\/index.php\/wp-json\/wp\/v2\/media\/78037"}],"wp:attachment":[{"href":"https:\/\/politicosaldesnudo.com.mx\/index.php\/wp-json\/wp\/v2\/media?parent=78821"}],"wp:term":[{"taxonomy":"category","embeddable":true,"href":"https:\/\/politicosaldesnudo.com.mx\/index.php\/wp-json\/wp\/v2\/categories?post=78821"},{"taxonomy":"post_tag","embeddable":true,"href":"https:\/\/politicosaldesnudo.com.mx\/index.php\/wp-json\/wp\/v2\/tags?post=78821"}],"curies":[{"name":"wp","href":"https:\/\/api.w.org\/{rel}","templated":true}]}}