{"id":78823,"date":"2026-01-26T00:04:09","date_gmt":"2026-01-26T06:04:09","guid":{"rendered":"https:\/\/politicosaldesnudo.com.mx\/?p=78823"},"modified":"2026-01-25T23:01:05","modified_gmt":"2026-01-26T05:01:05","slug":"el-embajador-gertz-manero-y-los-veracruzanos-saqueados","status":"publish","type":"post","link":"https:\/\/politicosaldesnudo.com.mx\/index.php\/2026\/01\/26\/el-embajador-gertz-manero-y-los-veracruzanos-saqueados\/","title":{"rendered":"El Embajador Gertz Manero y los veracruzanos saqueados"},"content":{"rendered":"<p>\u00bfLa diplomacia como coartada o la justicia como pendiente? La pregunta no es menor cuando el nombramiento de Alejandro Gertz Manero como embajador de M\u00e9xico en el Reino Unido se anuncia con la solemnidad del servicio exterior, pero se arrastra con el pesado equipaje de expedientes inconclusos, promesas incumplidas y una herida abierta que sigue supurando en Veracruz.<\/p>\n<p>Gertz Manero no llega a Londres como un diplom\u00e1tico cualquiera. Llega como el ex Fiscal General de la Rep\u00fablica que conoci\u00f3 \u2014y manej\u00f3\u2014 los casos m\u00e1s emblem\u00e1ticos de corrupci\u00f3n del pa\u00eds, entre ellos el de Javier Duarte de Ochoa y su esposa Karime Mac\u00edas. Y fue el propio Gertz quien afirm\u00f3 que su labor diplom\u00e1tica servir\u00eda para \u201cdefender los derechos de los mexicanos\u201d. Bien. Entonces conviene preguntar: \u00bftambi\u00e9n los derechos de los veracruzanos saqueados?<\/p>\n<p>Porque mientras se pronuncian discursos sobre legalidad y cooperaci\u00f3n internacional, Karime Mac\u00edas sigue viviendo en Inglaterra con una tranquilidad ofensiva, como si el da\u00f1o patrimonial causado a Veracruz hubiera sido una an\u00e9cdota dom\u00e9stica y no uno de los mayores desfalcos en la historia reciente del pa\u00eds. Durante meses \u2014a\u00f1os\u2014 se anunci\u00f3 su inminente deportaci\u00f3n. Nunca ocurri\u00f3. El expediente duerme. La justicia bosteza.<\/p>\n<p>Y como si el sarcasmo de la realidad no fuera suficiente, desde hace semanas circula la versi\u00f3n de que Javier Duarte podr\u00eda recuperar su libertad anticipada por \u201cbuena conducta\u201d, lo que le permitir\u00eda viajar al extranjero y reunirse con su familia. El mensaje es brutal: en M\u00e9xico, robar miles de millones puede ser delito; pagarlo, parece opcional.<\/p>\n<p>No se trata de linchar ni de especular. Los hechos est\u00e1n documentados. El sexenio de Duarte signific\u00f3 el mayor saqueo a las finanzas p\u00fablicas de Veracruz. No fue obra de un solo hombre ni de una sola mujer. Fue una red perfectamente articulada que involucr\u00f3 a secretarios, operadores financieros, prestanombres y c\u00f3mplices silenciosos. La corrupci\u00f3n no fue accidente: fue sistema.<\/p>\n<p>Durante la minigubernatura de Miguel \u00c1ngel Yunes Linares se exhibieron \u2014con espectacularidad medi\u00e1tica\u2014 mansiones, ranchos, cuentas bancarias y propiedades en M\u00e9xico y el extranjero. Se habl\u00f3 de recuperaci\u00f3n de recursos. Se montaron conferencias. Se se\u00f1alaron nombres. Pero, al final, nadie supo explicar con claridad a d\u00f3nde fueron a parar esos millones supuestamente recuperados. Mucho ruido, pocas cuentas.<\/p>\n<p>Ah\u00ed est\u00e1n los datos duros. En junio de 2018 se present\u00f3 la lista de las llamadas \u201ccasitas de los veracruzanos\u201d en The Woodlands, Texas. No chozas, no viviendas modestas: un emporio inmobiliario valuado en miles de millones de d\u00f3lares, adquirido por ex funcionarios duartistas a trav\u00e9s de familiares, empresas fachada y testaferros. Direcciones, valores comerciales, fechas de compra, nombres completos. Informaci\u00f3n precisa, verificable, p\u00fablica. Y aun as\u00ed, la impunidad intacta.<\/p>\n<p>Adolfo Mota, Harry Grappa, Jos\u00e9 Mansur, Antonio Bad\u00edn, Karime Mac\u00edas, Salom\u00f3n Mansur, Salvador Manzur, Arturo Berm\u00fadez. La lista es larga, detallada y escandalosa. Cada propiedad es un recordatorio de hospitales sin medicinas, escuelas abandonadas, carreteras inconclusas y deudas heredadas a generaciones enteras de veracruzanos.<\/p>\n<p>Por eso el nombramiento de Gertz Manero en Londres no es irrelevante ni protocolario. Tiene un peso pol\u00edtico, \u00e9tico y simb\u00f3lico enorme. Conoce el expediente. Conoce los mecanismos. Conoce a los actores. Y ahora representa al Estado mexicano en el pa\u00eds donde reside una de las principales figuras del saqueo veracruzano. No hay excusas t\u00e9cnicas ni diplom\u00e1ticas que valgan.<\/p>\n<p>La Ley de Extradici\u00f3n, los tratados internacionales, la cooperaci\u00f3n judicial y la voluntad pol\u00edtica existen. Lo que ha faltado es decisi\u00f3n. Y cuando la justicia se posterga, deja de ser justicia para convertirse en simulaci\u00f3n.<\/p>\n<p>La diplomacia no puede ser refugio de la omisi\u00f3n ni la embajada un archivo muerto. Si el discurso de defensa de los derechos de los mexicanos es sincero, debe traducirse en acciones concretas: reactivar procesos, exigir cooperaci\u00f3n, transparentar resultados y rendir cuentas claras. Todo lo dem\u00e1s es ret\u00f3rica hueca.<\/p>\n<p>Veracruz no olvida. No puede ni debe olvidar. Porque la memoria tambi\u00e9n es una forma de justicia.<\/p>\n<p><strong>Si Gertz Manero cruza el Atl\u00e1ntico para representar a M\u00e9xico y no para cerrar el c\u00edrculo de la impunidad duartista, su nombramiento no ser\u00e1 diplomacia: ser\u00e1 complicidad.<\/strong><\/p>\n<p><img data-recalc-dims=\"1\" loading=\"lazy\" decoding=\"async\" class=\"aligncenter size-full wp-image-78817\" src=\"https:\/\/i0.wp.com\/politicosaldesnudo.com.mx\/wp-content\/uploads\/2026\/01\/FIRMA-EDITORIAL-PD-6.jpg?resize=800%2C98&#038;ssl=1\" alt=\"\" width=\"800\" height=\"98\" srcset=\"https:\/\/i0.wp.com\/politicosaldesnudo.com.mx\/wp-content\/uploads\/2026\/01\/FIRMA-EDITORIAL-PD-6.jpg?w=1024&amp;ssl=1 1024w, https:\/\/i0.wp.com\/politicosaldesnudo.com.mx\/wp-content\/uploads\/2026\/01\/FIRMA-EDITORIAL-PD-6.jpg?resize=300%2C37&amp;ssl=1 300w, https:\/\/i0.wp.com\/politicosaldesnudo.com.mx\/wp-content\/uploads\/2026\/01\/FIRMA-EDITORIAL-PD-6.jpg?resize=768%2C94&amp;ssl=1 768w\" sizes=\"auto, (max-width: 800px) 100vw, 800px\" \/><\/p>\n","protected":false},"excerpt":{"rendered":"<p>\u00bfLa diplomacia como coartada o la justicia como pendiente? La pregunta no es menor cuando el nombramiento de Alejandro Gertz<\/p>\n","protected":false},"author":4,"featured_media":78331,"comment_status":"closed","ping_status":"closed","sticky":false,"template":"","format":"standard","meta":{"colormag_page_container_layout":"default_layout","colormag_page_sidebar_layout":"default_layout","_jetpack_memberships_contains_paid_content":false,"footnotes":"","jetpack_publicize_message":"","jetpack_publicize_feature_enabled":true,"jetpack_social_post_already_shared":true,"jetpack_social_options":{"image_generator_settings":{"template":"highway","default_image_id":0,"font":"","enabled":false},"version":2}},"categories":[26],"tags":[],"class_list":["post-78823","post","type-post","status-publish","format-standard","has-post-thumbnail","hentry","category-columnistas"],"jetpack_publicize_connections":[],"jetpack_featured_media_url":"https:\/\/i0.wp.com\/politicosaldesnudo.com.mx\/wp-content\/uploads\/2026\/01\/CRISTIANI-2.jpg?fit=800%2C445&ssl=1","jetpack-related-posts":[],"jetpack_sharing_enabled":true,"_links":{"self":[{"href":"https:\/\/politicosaldesnudo.com.mx\/index.php\/wp-json\/wp\/v2\/posts\/78823","targetHints":{"allow":["GET"]}}],"collection":[{"href":"https:\/\/politicosaldesnudo.com.mx\/index.php\/wp-json\/wp\/v2\/posts"}],"about":[{"href":"https:\/\/politicosaldesnudo.com.mx\/index.php\/wp-json\/wp\/v2\/types\/post"}],"author":[{"embeddable":true,"href":"https:\/\/politicosaldesnudo.com.mx\/index.php\/wp-json\/wp\/v2\/users\/4"}],"replies":[{"embeddable":true,"href":"https:\/\/politicosaldesnudo.com.mx\/index.php\/wp-json\/wp\/v2\/comments?post=78823"}],"version-history":[{"count":0,"href":"https:\/\/politicosaldesnudo.com.mx\/index.php\/wp-json\/wp\/v2\/posts\/78823\/revisions"}],"wp:featuredmedia":[{"embeddable":true,"href":"https:\/\/politicosaldesnudo.com.mx\/index.php\/wp-json\/wp\/v2\/media\/78331"}],"wp:attachment":[{"href":"https:\/\/politicosaldesnudo.com.mx\/index.php\/wp-json\/wp\/v2\/media?parent=78823"}],"wp:term":[{"taxonomy":"category","embeddable":true,"href":"https:\/\/politicosaldesnudo.com.mx\/index.php\/wp-json\/wp\/v2\/categories?post=78823"},{"taxonomy":"post_tag","embeddable":true,"href":"https:\/\/politicosaldesnudo.com.mx\/index.php\/wp-json\/wp\/v2\/tags?post=78823"}],"curies":[{"name":"wp","href":"https:\/\/api.w.org\/{rel}","templated":true}]}}