{"id":78825,"date":"2026-01-26T00:06:15","date_gmt":"2026-01-26T06:06:15","guid":{"rendered":"https:\/\/politicosaldesnudo.com.mx\/?p=78825"},"modified":"2026-01-25T23:03:01","modified_gmt":"2026-01-26T05:03:01","slug":"el-abuso-como-politica-de-migracion","status":"publish","type":"post","link":"https:\/\/politicosaldesnudo.com.mx\/index.php\/2026\/01\/26\/el-abuso-como-politica-de-migracion\/","title":{"rendered":"El abuso como pol\u00edtica de migraci\u00f3n"},"content":{"rendered":"<p>Desde Minneapolis hasta Monterrey, los hechos que hoy estremecen a las sociedades de ambos lados de la frontera no son simples notas aisladas, sino s\u00edntomas de una crisis m\u00e1s profunda: el uso excesivo de la fuerza y la violaci\u00f3n sistem\u00e1tica de derechos humanos bajo la bandera de \u201ccontrol migratorio\u201d. La pol\u00edtica estadunidense de deportaciones y redadas ha escalado hasta niveles que incluso socavan las garant\u00edas b\u00e1sicas dentro de su propio territorio. La operaci\u00f3n denominada <em>Operation Metro Surge<\/em> en Minnesota ha sido descrita como la m\u00e1s grande de su tipo, con miles de detenciones y, m\u00e1s alarmante, m\u00faltiples muertes de civiles en circunstancias que plantean serias dudas sobre el uso leg\u00edtimo de la fuerza por parte de agencias federales como ICE y la Patrulla Fronteriza.<\/p>\n<p>Uno de los casos que ha generado conmoci\u00f3n nacional es el de <strong>Alex Jeffrey Pretti<\/strong>, un enfermero de 37 a\u00f1os, aparentemente desarmado, que fue abatido a tiros por agentes federales en Minneapolis durante un operativo. Los videos disponibles contradicen la versi\u00f3n oficial de \u201cdefensa propia\u201d, mostrando a Pretti filmando con su tel\u00e9fono mientras, seg\u00fan testimonios, intentaba ayudar a otras personas antes de ser rociado con gas, sometido al suelo y ejecutado con m\u00faltiples disparos incluso despu\u00e9s de haber sido desarmado. Organizaciones como el <em>Legal Defense Fund<\/em> han se\u00f1alado que este tipo de violencia es parte de un patr\u00f3n de abuso por parte de agentes federales, en el que se penaliza tanto a migrantes como a ciudadanos y observadores pac\u00edficos.<\/p>\n<p>Este episodio se enlaza con otro igualmente inquietante ocurrido semanas antes: la muerte de <strong>Ren\u00e9e Good<\/strong>, una madre y escritora de 37 a\u00f1os abatida por un agente del ICE en enero de 2026. Investigaciones independientes, incluyendo an\u00e1lisis de videos, han puesto en tela de juicio la narrativa oficial que intent\u00f3 justificar los disparos, y grupos como <em>Human Rights Watch<\/em> han calificado el tiroteo como injustificado, subrayando nuevamente que el abuso de fuerza pone en riesgo incluso a civiles que no est\u00e1n en riesgo de deportaci\u00f3n.<\/p>\n<p>A estas tragedias se suman las denuncias sobre la detenci\u00f3n de un <strong>ni\u00f1o de 5 a\u00f1os en Minnesota<\/strong>, quien fue arrestado junto con su padre durante redadas y, seg\u00fan testimonios, incluso utilizado para atraer a otros miembros de la familia, generando consternaci\u00f3n en la comunidad educativa y entre defensores de derechos de la infancia. Adem\u00e1s, este caso pone en el centro otros momentos donde se utiliza a las infancias y se omite su protecci\u00f3n, lo que nuevamente atenta contra los derechos humanos. En Minnesota se han reportado al menos otras tres detenciones que involucran a menores, sin permitirles el derecho a permanecer con otro adulto de confianza.<\/p>\n<p>&nbsp;<\/p>\n<p>Detr\u00e1s de estos incidentes hay un principio fundamental que muchas veces se olvida: <strong>migrar es un derecho humano<\/strong>. Esto no es un capricho ret\u00f3rico, sino una verdad respaldada por instrumentos internacionales como la Declaraci\u00f3n Universal de Derechos Humanos, que reconoce el derecho de toda persona a salir de cualquier pa\u00eds y regresar al propio, as\u00ed como derechos implicados en la b\u00fasqueda de asilo y protecci\u00f3n internacional. Criminalizar la movilidad humana o responder con violencia desmedida contra quienes ejercen ese derecho deshumaniza tanto a v\u00edctimas como a victimarios.<\/p>\n<p>Pero la cr\u00edtica no puede limitarse a la frontera norte. Aqu\u00ed en M\u00e9xico tambi\u00e9n enfrentamos nuestras propias fallas, y el caso del acad\u00e9mico <strong>Leonardo Ariel Escobar Barrios<\/strong> lo ilustra con crudeza. El profesor colombiano radicado en M\u00e9xico, fue detenido en el aeropuerto de Monterrey por supuestas \u201cfaltas administrativas\u201d, sufri\u00f3 maltrato, qued\u00f3 fuera del registro oficial de detenciones y desapareci\u00f3 durante d\u00edas hasta ser encontrado en condiciones de vulnerabilidad, denunciando golpes y violaciones a sus derechos fundamentales. Su caso, es un ejemplo m\u00e1s de crudeza, impunidad, y omisi\u00f3n a manos de la Guardia Nacional y muestra que tambi\u00e9n en M\u00e9xico las personas migrantes reciben un trato discriminatorio y pueden ser objeto de m\u00faltiples arbitrariedades.<\/p>\n<p>El caso de Leonardo al igual que los ocurridos en el pa\u00eds vecino, muestran el abuso de la fuerza, la falta de transparencia de autoridades que act\u00faan bajo condiciones poco transparentes y m\u00e1s all\u00e1 de los casos visibles que claramente se ha vuelto parte de una agenda, es necesario alzar la voz y evidenciar que ellos si ellos forman parte de una lista interminable \u00bfpor qu\u00e9 seguimos permitiendo los mismos horrores?<\/p>\n<p><img data-recalc-dims=\"1\" loading=\"lazy\" decoding=\"async\" class=\"aligncenter size-full wp-image-78817\" src=\"https:\/\/i0.wp.com\/politicosaldesnudo.com.mx\/wp-content\/uploads\/2026\/01\/FIRMA-EDITORIAL-PD-6.jpg?resize=800%2C98&#038;ssl=1\" alt=\"\" width=\"800\" height=\"98\" srcset=\"https:\/\/i0.wp.com\/politicosaldesnudo.com.mx\/wp-content\/uploads\/2026\/01\/FIRMA-EDITORIAL-PD-6.jpg?w=1024&amp;ssl=1 1024w, https:\/\/i0.wp.com\/politicosaldesnudo.com.mx\/wp-content\/uploads\/2026\/01\/FIRMA-EDITORIAL-PD-6.jpg?resize=300%2C37&amp;ssl=1 300w, https:\/\/i0.wp.com\/politicosaldesnudo.com.mx\/wp-content\/uploads\/2026\/01\/FIRMA-EDITORIAL-PD-6.jpg?resize=768%2C94&amp;ssl=1 768w\" sizes=\"auto, (max-width: 800px) 100vw, 800px\" \/><\/p>\n","protected":false},"excerpt":{"rendered":"<p>Desde Minneapolis hasta Monterrey, los hechos que hoy estremecen a las sociedades de ambos lados de la frontera no son<\/p>\n","protected":false},"author":4,"featured_media":78040,"comment_status":"closed","ping_status":"closed","sticky":false,"template":"","format":"standard","meta":{"colormag_page_container_layout":"default_layout","colormag_page_sidebar_layout":"default_layout","_jetpack_memberships_contains_paid_content":false,"footnotes":"","jetpack_publicize_message":"","jetpack_publicize_feature_enabled":true,"jetpack_social_post_already_shared":true,"jetpack_social_options":{"image_generator_settings":{"template":"highway","default_image_id":0,"font":"","enabled":false},"version":2}},"categories":[26],"tags":[],"class_list":["post-78825","post","type-post","status-publish","format-standard","has-post-thumbnail","hentry","category-columnistas"],"jetpack_publicize_connections":[],"jetpack_featured_media_url":"https:\/\/i0.wp.com\/politicosaldesnudo.com.mx\/wp-content\/uploads\/2026\/01\/ZAIRA-ROSAS-1.jpg?fit=800%2C445&ssl=1","jetpack-related-posts":[],"jetpack_sharing_enabled":true,"_links":{"self":[{"href":"https:\/\/politicosaldesnudo.com.mx\/index.php\/wp-json\/wp\/v2\/posts\/78825","targetHints":{"allow":["GET"]}}],"collection":[{"href":"https:\/\/politicosaldesnudo.com.mx\/index.php\/wp-json\/wp\/v2\/posts"}],"about":[{"href":"https:\/\/politicosaldesnudo.com.mx\/index.php\/wp-json\/wp\/v2\/types\/post"}],"author":[{"embeddable":true,"href":"https:\/\/politicosaldesnudo.com.mx\/index.php\/wp-json\/wp\/v2\/users\/4"}],"replies":[{"embeddable":true,"href":"https:\/\/politicosaldesnudo.com.mx\/index.php\/wp-json\/wp\/v2\/comments?post=78825"}],"version-history":[{"count":0,"href":"https:\/\/politicosaldesnudo.com.mx\/index.php\/wp-json\/wp\/v2\/posts\/78825\/revisions"}],"wp:featuredmedia":[{"embeddable":true,"href":"https:\/\/politicosaldesnudo.com.mx\/index.php\/wp-json\/wp\/v2\/media\/78040"}],"wp:attachment":[{"href":"https:\/\/politicosaldesnudo.com.mx\/index.php\/wp-json\/wp\/v2\/media?parent=78825"}],"wp:term":[{"taxonomy":"category","embeddable":true,"href":"https:\/\/politicosaldesnudo.com.mx\/index.php\/wp-json\/wp\/v2\/categories?post=78825"},{"taxonomy":"post_tag","embeddable":true,"href":"https:\/\/politicosaldesnudo.com.mx\/index.php\/wp-json\/wp\/v2\/tags?post=78825"}],"curies":[{"name":"wp","href":"https:\/\/api.w.org\/{rel}","templated":true}]}}