{"id":78827,"date":"2026-01-26T00:05:36","date_gmt":"2026-01-26T06:05:36","guid":{"rendered":"https:\/\/politicosaldesnudo.com.mx\/?p=78827"},"modified":"2026-01-25T23:08:09","modified_gmt":"2026-01-26T05:08:09","slug":"morena-entiende-que-lo-que-no-se-apoya-se-cae","status":"publish","type":"post","link":"https:\/\/politicosaldesnudo.com.mx\/index.php\/2026\/01\/26\/morena-entiende-que-lo-que-no-se-apoya-se-cae\/","title":{"rendered":"Morena entiende que lo que no se apoya, se cae"},"content":{"rendered":"<p>En pol\u00edtica, el vac\u00edo no existe: se llena. MORENA parece haberlo entendido con claridad en la zona norte de Veracruz. Lo que no se respalda con presencia, organizaci\u00f3n y grilla, simplemente en pol\u00edtica se desploma. Bajo esa premisa, la Asamblea Informativa realizada este fin de semana en la Plaza C\u00edvica no fue un acto m\u00e1s de agenda, sino una operaci\u00f3n de contenci\u00f3n, reafirmaci\u00f3n y reagrupamiento territorial.<\/p>\n<p>La respuesta ciudadana fue, sin exageraci\u00f3n, contundente. Un lleno total confirm\u00f3 que la llamada ciudad petrolera sigue siendo basti\u00f3n de la Transformaci\u00f3n, tras su tercer periodo de gobierno municipal, incluso en medio de un contexto adverso para el movimiento: los se\u00f1alamientos al exgobernador Cuitl\u00e1huac Garc\u00eda por los 241 millones de pesos observados por el ORFIS, la evidente ingobernabilidad en algunos ayuntamientos incapaces de coordinarse pol\u00edticamente y se andan ventilando problemas y el permanente ruido de los coment\u00f3cratas.<\/p>\n<p><img data-recalc-dims=\"1\" loading=\"lazy\" decoding=\"async\" class=\"aligncenter size-large wp-image-78828\" src=\"https:\/\/i0.wp.com\/politicosaldesnudo.com.mx\/wp-content\/uploads\/2026\/01\/WhatsApp-Image-2026-01-25-at-18.17.51.jpeg?resize=800%2C450&#038;ssl=1\" alt=\"\" width=\"800\" height=\"450\" srcset=\"https:\/\/i0.wp.com\/politicosaldesnudo.com.mx\/wp-content\/uploads\/2026\/01\/WhatsApp-Image-2026-01-25-at-18.17.51.jpeg?resize=1024%2C576&amp;ssl=1 1024w, https:\/\/i0.wp.com\/politicosaldesnudo.com.mx\/wp-content\/uploads\/2026\/01\/WhatsApp-Image-2026-01-25-at-18.17.51.jpeg?resize=300%2C169&amp;ssl=1 300w, https:\/\/i0.wp.com\/politicosaldesnudo.com.mx\/wp-content\/uploads\/2026\/01\/WhatsApp-Image-2026-01-25-at-18.17.51.jpeg?resize=768%2C432&amp;ssl=1 768w, https:\/\/i0.wp.com\/politicosaldesnudo.com.mx\/wp-content\/uploads\/2026\/01\/WhatsApp-Image-2026-01-25-at-18.17.51.jpeg?w=1280&amp;ssl=1 1280w\" sizes=\"auto, (max-width: 800px) 100vw, 800px\" \/><\/p>\n<p>La asamblea, presidida por el dirigente estatal Esteban Ram\u00edrez Zepeta, dej\u00f3 un mensaje claro: MORENA no est\u00e1 dispuesto a ceder territorio por omisi\u00f3n. Trae una cifra comparativa que defiende el porcentaje de veracruzanos gobernador en los ayuntamientos por MORENA con un incremento del 13%. Raro manejarlo en porcentaje, pero entendible.<\/p>\n<p>El papel de la anfitriona, Ada Rodr\u00edguez, no fue menor. Su capacidad de organizaci\u00f3n y el arraigo en Poza Rica la colocan como un referente local que entiende que el territorio no se administra a distancia, aunque tiene que mejorar su discurso.<\/p>\n<p>El acompa\u00f1amiento de figuras clave tambi\u00e9n fue significativo. La presencia de la senadora Raquel Bonilla y del diputado federal Javier Vel\u00e1zquez reforz\u00f3 la idea de respaldo institucional y legislativo. A ellos se sumaron los diputados locales Laura Nayeli Mej\u00eda Larios y Alejandro Porras Mar\u00edn, consolidando una imagen de bloque pol\u00edtico en una regi\u00f3n que exige se\u00f1ales de cohesi\u00f3n.<\/p>\n<p>No pas\u00f3 desapercibida la participaci\u00f3n de los referentes regionales Daniel Cortina, Gonzalo Flores Castellanos y Jorge Alan\u00eds, quienes aportaron m\u00fasculo pol\u00edtico desde Tuxpan, Papantla y Coatzintla. A este entramado se agreg\u00f3 la presencia del secretario nacional de J\u00f3venes, Aar\u00f3n Enr\u00edquez Garc\u00eda, y del enlace estatal de promoci\u00f3n, Carlos Mart\u00ednez, apuntalando la narrativa de relevo generacional y estructura partidista.<\/p>\n<p>Particular relevancia tuvo la participaci\u00f3n del sector petrolero, con la presencia de Pepe Soni y Andr\u00e9s Aguilar Ceballos, representantes de la Secci\u00f3n 30, quienes actualmente mantienen gesti\u00f3n pol\u00edtica con la Oficina de Enlace Petrolero en el Ayuntamiento de Poza Rica, junto a Adalberto Pardo, tambi\u00e9n petrolero y actual secretario de Tesorer\u00eda del Ayuntamiento de Coatzintla. Su asistencia no es menor en una regi\u00f3n donde el petr\u00f3leo sigue siendo identidad, econom\u00eda y poder pol\u00edtico.<\/p>\n<p>La lectura es clara: MORENA entiende que el abandono se paga caro. En tiempos de desgaste institucional y confrontaci\u00f3n medi\u00e1tica, el movimiento opt\u00f3 por hacer lo que sabe hacer: ocupar el espacio, reagrupar a los suyos y mandar un mensaje directo al territorio. Porque en pol\u00edtica, quien no est\u00e1, no existe; y lo que no se apoya, inevitablemente, se cae.<\/p>\n<p><img data-recalc-dims=\"1\" loading=\"lazy\" decoding=\"async\" class=\"aligncenter size-full wp-image-78817\" src=\"https:\/\/i0.wp.com\/politicosaldesnudo.com.mx\/wp-content\/uploads\/2026\/01\/FIRMA-EDITORIAL-PD-6.jpg?resize=800%2C98&#038;ssl=1\" alt=\"\" width=\"800\" height=\"98\" srcset=\"https:\/\/i0.wp.com\/politicosaldesnudo.com.mx\/wp-content\/uploads\/2026\/01\/FIRMA-EDITORIAL-PD-6.jpg?w=1024&amp;ssl=1 1024w, https:\/\/i0.wp.com\/politicosaldesnudo.com.mx\/wp-content\/uploads\/2026\/01\/FIRMA-EDITORIAL-PD-6.jpg?resize=300%2C37&amp;ssl=1 300w, https:\/\/i0.wp.com\/politicosaldesnudo.com.mx\/wp-content\/uploads\/2026\/01\/FIRMA-EDITORIAL-PD-6.jpg?resize=768%2C94&amp;ssl=1 768w\" sizes=\"auto, (max-width: 800px) 100vw, 800px\" \/><\/p>\n","protected":false},"excerpt":{"rendered":"<p>En pol\u00edtica, el vac\u00edo no existe: se llena. MORENA parece haberlo entendido con claridad en la zona norte de Veracruz.<\/p>\n","protected":false},"author":4,"featured_media":78052,"comment_status":"closed","ping_status":"closed","sticky":false,"template":"","format":"standard","meta":{"colormag_page_container_layout":"default_layout","colormag_page_sidebar_layout":"default_layout","_jetpack_memberships_contains_paid_content":false,"footnotes":"","jetpack_publicize_message":"","jetpack_publicize_feature_enabled":true,"jetpack_social_post_already_shared":true,"jetpack_social_options":{"image_generator_settings":{"template":"highway","default_image_id":0,"font":"","enabled":false},"version":2}},"categories":[26],"tags":[],"class_list":["post-78827","post","type-post","status-publish","format-standard","has-post-thumbnail","hentry","category-columnistas"],"jetpack_publicize_connections":[],"jetpack_featured_media_url":"https:\/\/i0.wp.com\/politicosaldesnudo.com.mx\/wp-content\/uploads\/2026\/01\/BANNER-VICENTE-MTZ-AZUL.jpg?fit=800%2C445&ssl=1","jetpack-related-posts":[],"jetpack_sharing_enabled":true,"_links":{"self":[{"href":"https:\/\/politicosaldesnudo.com.mx\/index.php\/wp-json\/wp\/v2\/posts\/78827","targetHints":{"allow":["GET"]}}],"collection":[{"href":"https:\/\/politicosaldesnudo.com.mx\/index.php\/wp-json\/wp\/v2\/posts"}],"about":[{"href":"https:\/\/politicosaldesnudo.com.mx\/index.php\/wp-json\/wp\/v2\/types\/post"}],"author":[{"embeddable":true,"href":"https:\/\/politicosaldesnudo.com.mx\/index.php\/wp-json\/wp\/v2\/users\/4"}],"replies":[{"embeddable":true,"href":"https:\/\/politicosaldesnudo.com.mx\/index.php\/wp-json\/wp\/v2\/comments?post=78827"}],"version-history":[{"count":0,"href":"https:\/\/politicosaldesnudo.com.mx\/index.php\/wp-json\/wp\/v2\/posts\/78827\/revisions"}],"wp:featuredmedia":[{"embeddable":true,"href":"https:\/\/politicosaldesnudo.com.mx\/index.php\/wp-json\/wp\/v2\/media\/78052"}],"wp:attachment":[{"href":"https:\/\/politicosaldesnudo.com.mx\/index.php\/wp-json\/wp\/v2\/media?parent=78827"}],"wp:term":[{"taxonomy":"category","embeddable":true,"href":"https:\/\/politicosaldesnudo.com.mx\/index.php\/wp-json\/wp\/v2\/categories?post=78827"},{"taxonomy":"post_tag","embeddable":true,"href":"https:\/\/politicosaldesnudo.com.mx\/index.php\/wp-json\/wp\/v2\/tags?post=78827"}],"curies":[{"name":"wp","href":"https:\/\/api.w.org\/{rel}","templated":true}]}}