{"id":78832,"date":"2026-01-26T00:08:08","date_gmt":"2026-01-26T06:08:08","guid":{"rendered":"https:\/\/politicosaldesnudo.com.mx\/?p=78832"},"modified":"2026-01-25T23:13:44","modified_gmt":"2026-01-26T05:13:44","slug":"rocio-nahle-se-ocupa-de-la-inseguridad-y-la-paz","status":"publish","type":"post","link":"https:\/\/politicosaldesnudo.com.mx\/index.php\/2026\/01\/26\/rocio-nahle-se-ocupa-de-la-inseguridad-y-la-paz\/","title":{"rendered":"Roc\u00edo Nahle se ocupa de la inseguridad y la paz"},"content":{"rendered":"<p><span style=\"font-family: arial, helvetica, sans-serif; font-size: 14pt;\"><strong>Por \u00c1ngel \u00c1lvaro Pe\u00f1a<\/strong><\/span><\/p>\n<p><span style=\"font-family: arial, helvetica, sans-serif; font-size: 14pt;\">En tiempos donde la seguridad y el desarrollo suelen reducirse a consignas, la gobernadora Roc\u00edo Nahle Garc\u00eda ha optado por una narrativa distinta: la de la coordinaci\u00f3n institucional respaldada con cifras, programas y resultados medibles. Su mensaje durante la Conferencia del Pueblo en la Base Aeronaval de Veracruz, junto a la presidenta Claudia Sheinbaum y el Gabinete de Seguridad, no fue ret\u00f3rico; fue una radiograf\u00eda del rumbo que hoy sigue el estado.<\/span><\/p>\n<p><span style=\"font-family: arial, helvetica, sans-serif; font-size: 14pt;\">Nahle coloc\u00f3 el eje central en la coordinaci\u00f3n con la federaci\u00f3n, particularmente en materia de seguridad. Las 284 Mesas de Seguridad realizadas en 2025, con la participaci\u00f3n de los 212 municipios, reflejan un modelo que apuesta por la corresponsabilidad y no por la simulaci\u00f3n. A ello se suman acciones concretas: 32 Centros Libres de Violencia, el programa Veracruzana Protegida, que atendi\u00f3 a m\u00e1s de mil 700 mujeres, y las jornadas S\u00ed al Desarme, S\u00ed a la Paz, con m\u00e1s de 230 armas retiradas de circulaci\u00f3n.<\/span><\/p>\n<p><span style=\"font-family: arial, helvetica, sans-serif; font-size: 14pt;\">El fortalecimiento institucional aparece como otro de los pilares de su administraci\u00f3n. La formaci\u00f3n de nuevos polic\u00edas, la meta anual de incremento de la fuerza estatal, la adquisici\u00f3n de equipamiento y, de manera significativa, la construcci\u00f3n de un C5 en Coatzacoalcos, env\u00edan un mensaje claro: sin inteligencia ni tecnolog\u00eda, no hay seguridad sostenible. A ello se suma la decisi\u00f3n de aplicar controles de confianza obligatorios al personal municipal, una medida que hist\u00f3ricamente ha generado resistencias, pero que resulta indispensable.<\/span><\/p>\n<p><span style=\"font-family: arial, helvetica, sans-serif; font-size: 14pt;\">En materia de justicia, los avances en servicios forenses \u2014con la operaci\u00f3n de la unidad en Nogales y la construcci\u00f3n del laboratorio en Xalapa\u2014 responden a una deuda estructural del Estado con las v\u00edctimas y sus familias. No es un tema menor: sin verdad e identificaci\u00f3n, no hay justicia posible.<\/span><\/p>\n<p><span style=\"font-family: arial, helvetica, sans-serif; font-size: 14pt;\">Nahle tambi\u00e9n ha insistido en que la seguridad no se construye solo con patrullas. Programas de corte social como Abrigando Corazones, desplegado en m\u00e1s de 300 comunidades, y Apoyo a la Palabra, que ha beneficiado a m\u00e1s de 12 mil emprendedores, refuerzan una visi\u00f3n de gobierno anclada en el humanismo mexicano, donde la atenci\u00f3n a las causas acompa\u00f1a al uso leg\u00edtimo de la fuerza.<\/span><\/p>\n<p><span style=\"font-family: arial, helvetica, sans-serif; font-size: 14pt;\">En lo econ\u00f3mico, la gobernadora expuso una agenda ambiciosa pero estructurada: una cartera de inversi\u00f3n superior a los 4 mil millones de d\u00f3lares, el impulso al Polo de Desarrollo para el Bienestar en Tuxpan, el fortalecimiento portuario y una inversi\u00f3n federal cercana a 20 mil millones de pesos para infraestructura y reconstrucci\u00f3n en los pr\u00f3ximos dos a\u00f1os. A ello se suma el posicionamiento tur\u00edstico de Veracruz en el quinto lugar nacional y la generaci\u00f3n de m\u00e1s de 290 mil empleos.<\/span><\/p>\n<p><span style=\"font-family: arial, helvetica, sans-serif; font-size: 14pt;\">El mensaje pol\u00edtico de fondo es claro: Roc\u00edo Nahle busca gobernar desde el territorio, con respaldo federal y con una narrativa basada en resultados. En un estado hist\u00f3ricamente marcado por la dispersi\u00f3n institucional, su apuesta es la coordinaci\u00f3n como m\u00e9todo y el humanismo como discurso legitimador. El reto ser\u00e1 sostener el ritmo y traducir los n\u00fameros en percepci\u00f3n ciudadana, pero el camino, al menos en el discurso y en la planeaci\u00f3n, ya est\u00e1 trazado.<\/span><\/p>\n","protected":false},"excerpt":{"rendered":"<p>Por \u00c1ngel \u00c1lvaro Pe\u00f1a En tiempos donde la seguridad y el desarrollo suelen reducirse a consignas, la gobernadora Roc\u00edo Nahle<\/p>\n","protected":false},"author":4,"featured_media":78833,"comment_status":"closed","ping_status":"closed","sticky":false,"template":"","format":"standard","meta":{"colormag_page_container_layout":"default_layout","colormag_page_sidebar_layout":"default_layout","_jetpack_memberships_contains_paid_content":false,"footnotes":"","jetpack_publicize_message":"","jetpack_publicize_feature_enabled":true,"jetpack_social_post_already_shared":true,"jetpack_social_options":{"image_generator_settings":{"template":"highway","default_image_id":0,"font":"","enabled":false},"version":2}},"categories":[26],"tags":[],"class_list":["post-78832","post","type-post","status-publish","format-standard","has-post-thumbnail","hentry","category-columnistas"],"jetpack_publicize_connections":[],"jetpack_featured_media_url":"https:\/\/i0.wp.com\/politicosaldesnudo.com.mx\/wp-content\/uploads\/2026\/01\/WhatsApp-Image-2026-01-25-at-20.16.29.jpeg?fit=1440%2C960&ssl=1","jetpack-related-posts":[],"jetpack_sharing_enabled":true,"_links":{"self":[{"href":"https:\/\/politicosaldesnudo.com.mx\/index.php\/wp-json\/wp\/v2\/posts\/78832","targetHints":{"allow":["GET"]}}],"collection":[{"href":"https:\/\/politicosaldesnudo.com.mx\/index.php\/wp-json\/wp\/v2\/posts"}],"about":[{"href":"https:\/\/politicosaldesnudo.com.mx\/index.php\/wp-json\/wp\/v2\/types\/post"}],"author":[{"embeddable":true,"href":"https:\/\/politicosaldesnudo.com.mx\/index.php\/wp-json\/wp\/v2\/users\/4"}],"replies":[{"embeddable":true,"href":"https:\/\/politicosaldesnudo.com.mx\/index.php\/wp-json\/wp\/v2\/comments?post=78832"}],"version-history":[{"count":0,"href":"https:\/\/politicosaldesnudo.com.mx\/index.php\/wp-json\/wp\/v2\/posts\/78832\/revisions"}],"wp:featuredmedia":[{"embeddable":true,"href":"https:\/\/politicosaldesnudo.com.mx\/index.php\/wp-json\/wp\/v2\/media\/78833"}],"wp:attachment":[{"href":"https:\/\/politicosaldesnudo.com.mx\/index.php\/wp-json\/wp\/v2\/media?parent=78832"}],"wp:term":[{"taxonomy":"category","embeddable":true,"href":"https:\/\/politicosaldesnudo.com.mx\/index.php\/wp-json\/wp\/v2\/categories?post=78832"},{"taxonomy":"post_tag","embeddable":true,"href":"https:\/\/politicosaldesnudo.com.mx\/index.php\/wp-json\/wp\/v2\/tags?post=78832"}],"curies":[{"name":"wp","href":"https:\/\/api.w.org\/{rel}","templated":true}]}}