{"id":78843,"date":"2026-01-27T00:01:26","date_gmt":"2026-01-27T06:01:26","guid":{"rendered":"https:\/\/politicosaldesnudo.com.mx\/?p=78843"},"modified":"2026-01-26T23:44:59","modified_gmt":"2026-01-27T05:44:59","slug":"fortalecen-prevencion-de-violencia-de-genero","status":"publish","type":"post","link":"https:\/\/politicosaldesnudo.com.mx\/index.php\/2026\/01\/27\/fortalecen-prevencion-de-violencia-de-genero\/","title":{"rendered":"Fortalecen prevenci\u00f3n de violencia de genero"},"content":{"rendered":"<p>En el marco del D\u00eda Naranja, que se conmemora el d\u00eda 25 de cada mes, el Instituto de la Mujer realiz\u00f3 una jornada de difusi\u00f3n con el objetivo de mantener visible la problem\u00e1tica de la violencia contra las mujeres y las ni\u00f1as, una situaci\u00f3n que contin\u00faa presente en distintos \u00e1mbitos de la vida cotidiana.<\/p>\n<p>La actividad busc\u00f3 generar conciencia entre la poblaci\u00f3n sobre la importancia de reconocer la violencia de g\u00e9nero como un problema social que no debe normalizarse ni permanecer en el silencio. Se destac\u00f3 que este tipo de violencia no solo afecta de manera directa a quienes la viven, sino que impacta en las familias y en la comunidad en general.<\/p>\n<p>Durante la jornada se hizo un llamado a reflexionar sobre conductas y actitudes que perpet\u00faan la desigualdad, as\u00ed como a identificar se\u00f1ales de alerta y fomentar la denuncia y el acompa\u00f1amiento a las v\u00edctimas. Tambi\u00e9n se subray\u00f3 la necesidad de que hombres y mujeres se involucren activamente en la construcci\u00f3n de entornos m\u00e1s seguros y respetuosos.<\/p>\n<p>En esta din\u00e1mica de concientizaci\u00f3n se cont\u00f3 con la participaci\u00f3n de la Regidora Octava, Marleth Blanco, quien se sum\u00f3 a la difusi\u00f3n del mensaje en contra de la violencia hacia las mujeres, reiterando la importancia de no limitar estas acciones a una sola fecha, sino de mantenerlas de manera constante.<\/p>\n<p>El Instituto de la Mujer inform\u00f3 que continuar\u00e1 sum\u00e1ndose cada 25 de mes a las acciones del D\u00eda Naranja, con el prop\u00f3sito de fortalecer la informaci\u00f3n, la prevenci\u00f3n y la sensibilizaci\u00f3n social, recordando que erradicar la violencia de g\u00e9nero es una responsabilidad compartida y una tarea diaria.<\/p>\n","protected":false},"excerpt":{"rendered":"<p>En el marco del D\u00eda Naranja, que se conmemora el d\u00eda 25 de cada mes, el Instituto de la Mujer<\/p>\n","protected":false},"author":4,"featured_media":78844,"comment_status":"closed","ping_status":"closed","sticky":false,"template":"","format":"standard","meta":{"colormag_page_container_layout":"default_layout","colormag_page_sidebar_layout":"default_layout","_jetpack_memberships_contains_paid_content":false,"footnotes":"","jetpack_publicize_message":"","jetpack_publicize_feature_enabled":true,"jetpack_social_post_already_shared":true,"jetpack_social_options":{"image_generator_settings":{"template":"highway","default_image_id":0,"font":"","enabled":false},"version":2}},"categories":[1082],"tags":[],"class_list":["post-78843","post","type-post","status-publish","format-standard","has-post-thumbnail","hentry","category-tuxpan"],"jetpack_publicize_connections":[],"jetpack_featured_media_url":"https:\/\/i0.wp.com\/politicosaldesnudo.com.mx\/wp-content\/uploads\/2026\/01\/VIOL.jpg?fit=1200%2C900&ssl=1","jetpack-related-posts":[],"jetpack_sharing_enabled":true,"_links":{"self":[{"href":"https:\/\/politicosaldesnudo.com.mx\/index.php\/wp-json\/wp\/v2\/posts\/78843","targetHints":{"allow":["GET"]}}],"collection":[{"href":"https:\/\/politicosaldesnudo.com.mx\/index.php\/wp-json\/wp\/v2\/posts"}],"about":[{"href":"https:\/\/politicosaldesnudo.com.mx\/index.php\/wp-json\/wp\/v2\/types\/post"}],"author":[{"embeddable":true,"href":"https:\/\/politicosaldesnudo.com.mx\/index.php\/wp-json\/wp\/v2\/users\/4"}],"replies":[{"embeddable":true,"href":"https:\/\/politicosaldesnudo.com.mx\/index.php\/wp-json\/wp\/v2\/comments?post=78843"}],"version-history":[{"count":0,"href":"https:\/\/politicosaldesnudo.com.mx\/index.php\/wp-json\/wp\/v2\/posts\/78843\/revisions"}],"wp:featuredmedia":[{"embeddable":true,"href":"https:\/\/politicosaldesnudo.com.mx\/index.php\/wp-json\/wp\/v2\/media\/78844"}],"wp:attachment":[{"href":"https:\/\/politicosaldesnudo.com.mx\/index.php\/wp-json\/wp\/v2\/media?parent=78843"}],"wp:term":[{"taxonomy":"category","embeddable":true,"href":"https:\/\/politicosaldesnudo.com.mx\/index.php\/wp-json\/wp\/v2\/categories?post=78843"},{"taxonomy":"post_tag","embeddable":true,"href":"https:\/\/politicosaldesnudo.com.mx\/index.php\/wp-json\/wp\/v2\/tags?post=78843"}],"curies":[{"name":"wp","href":"https:\/\/api.w.org\/{rel}","templated":true}]}}