{"id":78849,"date":"2026-01-27T00:03:12","date_gmt":"2026-01-27T06:03:12","guid":{"rendered":"https:\/\/politicosaldesnudo.com.mx\/?p=78849"},"modified":"2026-01-27T00:03:12","modified_gmt":"2026-01-27T06:03:12","slug":"celebran-artistas-de-tuxpan-hermandad-con-cuba","status":"publish","type":"post","link":"https:\/\/politicosaldesnudo.com.mx\/index.php\/2026\/01\/27\/celebran-artistas-de-tuxpan-hermandad-con-cuba\/","title":{"rendered":"Celebran artistas de Tuxpan hermandad con Cuba"},"content":{"rendered":"<p class=\"nota-justify\">Un grupo de artistas de Tuxpan, Veracruz, ofreci\u00f3 un musical y colorido espect\u00e1culo en el Centro Cultural M\u00e9xico-Cuba Benny Mor\u00e9, con el cual arrancaron los festejos por el 70 aniversario de la salida del yate\u00a0<i>Granma<\/i>\u00a0desde aquel puerto hacia la isla caribe\u00f1a, liderado por Fidel Castro Ruz, con 82 tripulantes, entre los que se encontraban Ernesto\u00a0<i>Che<\/i>\u00a0Guevara y Camilo Cienfuegos.<\/p>\n<p class=\"nota-justify\"><i>La Fiesta Tuxpe\u00f1a: M\u00fasica y tradici\u00f3n<\/i>\u00a0se desarroll\u00f3 la noche del s\u00e1bado entre comida, mojitos, artesan\u00edas, cultura y con la participaci\u00f3n de alrededor de 30 artistas provenientes de ese punto del pa\u00eds, quienes interpretaron lo mejor de su repertorio en una amena y r\u00edtmica velada. Betito Mart\u00ednez, Valentina Neri, Carlo Basti\u00e1n, Tania, Lucas Montiel, Silvia Cordero, Classifon\u00eda y Las Rumberas de Balc\u00e1zar se presentaron alegres en un auditorio donde se enfatiz\u00f3 la hermandad, la solidaridad y los puentes art\u00edsticos-hist\u00f3ricos entre M\u00e9xico y Cuba, as\u00ed como entre los tuxpe\u00f1os y los cubanos.<\/p>\n<p class=\"nota-justify\">Samuel Fonseca Mart\u00ednez, director del centro cultural, expres\u00f3: \u201ccuando se consider\u00f3 presentar este intercambio cultural y fiesta tuxpe\u00f1a fue tomado con entusiasmo por los representantes del Instituto de Relaciones Culturales M\u00e9xico-Cuba Flores Mag\u00f3n, Cap\u00edtulo Tuxpan, as\u00ed como de la Asociaci\u00f3n de Artistas de Veracruz y la revista\u00a0<i>Praxis<\/i>\u201d.<\/p>\n<p class=\"nota-justify\">Ram\u00f3n Rodr\u00edguez Rangel y Alfonso Montiel Pati\u00f1o, coordinadores del espect\u00e1culo tuxpe\u00f1o, enfatizaron las relaciones y el intercambio entre comunidades y culturas. \u201cEsta es una muestra art\u00edstica de la gran riqueza cultural e hist\u00f3rica que hay en Tuxpan. Desde este punto parti\u00f3 el\u00a0<i>Granma<\/i>\u00a0el 25 de noviembre de 1956 y desde entonces existe una gran hermandad y los lazos se estrecharon entre ambos pueblos\u201d, expres\u00f3 Rodr\u00edguez Rangel.<\/p>\n<p class=\"nota-justify\">\u201cEn estos momentos que vive el mundo y Latinoam\u00e9rica, con la amenaza del autoritarismo, en Tuxpan reconocemos a Cuba como un pa\u00eds promotor del humanismo, la libertad y los derechos humanos, pero en el sentido m\u00e1s profundo, como es en la cultura, la educaci\u00f3n, la salud y la igualdad. Estos derechos no los ve el imperialismo porque s\u00f3lo est\u00e1 interesado en el mercantilismo, la industria de la guerra y la dominaci\u00f3n\u201d, agreg\u00f3.<\/p>\n<p class=\"nota-justify\">Cuba, sostuvo Rodr\u00edguez, \u201cse ha mantenido firme a pesar de los a\u00f1os de bloqueo, a la ca\u00edda del muro de Berl\u00edn y, si sobrevivi\u00f3 a todo eso, lo har\u00e1 ante (Donald) Trump. Esa naci\u00f3n va a seguir adelante en su revoluci\u00f3n. Am\u00e9rica Latina cada vez est\u00e1 m\u00e1s unida y desde Tuxpan apoyamos este ideal y rechazamos totalmente la violencia y la amenaza contra los pueblos latinoamericanos. A Cuba le tiene que hacer justicia la historia\u201d.<\/p>\n<p class=\"nota-justify\">Existe \u201cun genocidio en Gaza, con ni\u00f1os y mujeres incluidos, y la derecha mexicana que apoya a Trump guarda silencio, pero aplaude al criminal. Por eso valoramos que la presidenta Claudia Sheinbaum sea vertical en sus principios, que no ceda un \u00e1pice en la pol\u00edtica exterior y se siga el ideal de Benito Ju\u00e1rez: \u2018El respeto al derecho ajeno es la paz\u2019, as\u00ed como del ideal bolivariano\u201d.<\/p>\n<p class=\"nota-justify\">Adem\u00e1s, puntualiz\u00f3: \u201cel capitalismo salvaje se ha quitado la m\u00e1scara, al gran depredador no le importan las leyes, c\u00f3digos morales ni la \u00e9tica. En forma burda y criminal arremete contra los pa\u00edses, mata personas y la ONU debe cobrar nueva vida\u201d.<\/p>\n<p class=\"nota-justify\">Ahora, enfatiz\u00f3 el promotor, \u201cfestejamos que el\u00a0<i>Granma<\/i>\u00a0sali\u00f3 de Tuxpan el 25 de noviembre 1956 y sigue navegando como s\u00edmbolo de la lucha de los pueblos por su independencia y autonom\u00eda. En esta ocasi\u00f3n, los artistas tuxpe\u00f1os (cantantes, guitarristas y del grupo de danza) participamos de coraz\u00f3n en el Centro Cultural Benny Mor\u00e9.<\/p>\n<p class=\"nota-justify\">\u201cEstamos preparando en grande la conmemoraci\u00f3n de los 70 a\u00f1os de la partida del\u00a0<i>Granma<\/i>\u00a0con Castro y los 82 revolucionarios; vamos a darlo todo porque esa embarcaci\u00f3n es parte de la historia de Tuxpan, de la cultura de Veracruz y es emblema de libertad, autonom\u00eda y resistencia.\u201d<\/p>\n<p class=\"nota-justify\">Por su parte, la poeta e investigadora Silvia Cordero, quien luci\u00f3 un vestido tradicional, ley\u00f3 un poema de su autor\u00eda titulado \u201cYate\u00a0<i>Granma<\/i>\u201d: \u201cCuba y Tuxpan engendrados en\u00a0<i>Granma<\/i>\u00a0cual vientre materno en un 25 de noviembre del 56. Coqueteos que desde anta\u00f1o se ven\u00edan dando, con romances, besos, caricias entre escenarios esplendorosos como testigos la Luna, estelas relucientes bajo cielo cubierto de luci\u00e9rnagas en bellos atardeceres. A Tuxpan se le llama el lugar de los bellos atardeceres\u201d.<\/p>\n","protected":false},"excerpt":{"rendered":"<p>Un grupo de artistas de Tuxpan, Veracruz, ofreci\u00f3 un musical y colorido espect\u00e1culo en el Centro Cultural M\u00e9xico-Cuba Benny Mor\u00e9,<\/p>\n","protected":false},"author":4,"featured_media":78850,"comment_status":"closed","ping_status":"closed","sticky":false,"template":"","format":"standard","meta":{"colormag_page_container_layout":"default_layout","colormag_page_sidebar_layout":"default_layout","_jetpack_memberships_contains_paid_content":false,"footnotes":"","jetpack_publicize_message":"","jetpack_publicize_feature_enabled":true,"jetpack_social_post_already_shared":true,"jetpack_social_options":{"image_generator_settings":{"template":"highway","default_image_id":0,"font":"","enabled":false},"version":2}},"categories":[1082],"tags":[],"class_list":["post-78849","post","type-post","status-publish","format-standard","has-post-thumbnail","hentry","category-tuxpan"],"jetpack_publicize_connections":[],"jetpack_featured_media_url":"https:\/\/i0.wp.com\/politicosaldesnudo.com.mx\/wp-content\/uploads\/2026\/01\/CUB-1.jpg?fit=1024%2C682&ssl=1","jetpack-related-posts":[],"jetpack_sharing_enabled":true,"_links":{"self":[{"href":"https:\/\/politicosaldesnudo.com.mx\/index.php\/wp-json\/wp\/v2\/posts\/78849","targetHints":{"allow":["GET"]}}],"collection":[{"href":"https:\/\/politicosaldesnudo.com.mx\/index.php\/wp-json\/wp\/v2\/posts"}],"about":[{"href":"https:\/\/politicosaldesnudo.com.mx\/index.php\/wp-json\/wp\/v2\/types\/post"}],"author":[{"embeddable":true,"href":"https:\/\/politicosaldesnudo.com.mx\/index.php\/wp-json\/wp\/v2\/users\/4"}],"replies":[{"embeddable":true,"href":"https:\/\/politicosaldesnudo.com.mx\/index.php\/wp-json\/wp\/v2\/comments?post=78849"}],"version-history":[{"count":0,"href":"https:\/\/politicosaldesnudo.com.mx\/index.php\/wp-json\/wp\/v2\/posts\/78849\/revisions"}],"wp:featuredmedia":[{"embeddable":true,"href":"https:\/\/politicosaldesnudo.com.mx\/index.php\/wp-json\/wp\/v2\/media\/78850"}],"wp:attachment":[{"href":"https:\/\/politicosaldesnudo.com.mx\/index.php\/wp-json\/wp\/v2\/media?parent=78849"}],"wp:term":[{"taxonomy":"category","embeddable":true,"href":"https:\/\/politicosaldesnudo.com.mx\/index.php\/wp-json\/wp\/v2\/categories?post=78849"},{"taxonomy":"post_tag","embeddable":true,"href":"https:\/\/politicosaldesnudo.com.mx\/index.php\/wp-json\/wp\/v2\/tags?post=78849"}],"curies":[{"name":"wp","href":"https:\/\/api.w.org\/{rel}","templated":true}]}}