{"id":78858,"date":"2026-01-27T00:19:32","date_gmt":"2026-01-27T06:19:32","guid":{"rendered":"https:\/\/politicosaldesnudo.com.mx\/?p=78858"},"modified":"2026-01-27T00:19:32","modified_gmt":"2026-01-27T06:19:32","slug":"ratifica-la-permanente-a-gertz-como-embajador-en-reino-unido","status":"publish","type":"post","link":"https:\/\/politicosaldesnudo.com.mx\/index.php\/2026\/01\/27\/ratifica-la-permanente-a-gertz-como-embajador-en-reino-unido\/","title":{"rendered":"Ratifica la Permanente a Gertz como embajador en Reino Unido"},"content":{"rendered":"<p class=\"nota-justify\">La Comisi\u00f3n Permanente del Congreso ratific\u00f3 este mediod\u00eda el nombramiento de Alejandro Gertz Manero como embajador de M\u00e9xico en el Reino Unido sin mayor discusi\u00f3n y sin que intervinieran en el debate los partidos Acci\u00f3n Nacional (PAN) y Revolucionario Institucional (PRI).<\/p>\n<p class=\"nota-justify\">S\u00f3lo el emecista Luis Donaldo Colosio cuestion\u00f3 la designaci\u00f3n del ex titular de la Fiscal\u00eda General de la Rep\u00fablica porque su salida de ese organismo no se ajust\u00f3 plenamente a los supuestos que establece la legislaci\u00f3n, \u201cdado que una invitaci\u00f3n para ocupar un cargo en una Embajada no constituye en s\u00ed misma una causa grave como lo exige la ley para poder dimitir del cargo\u201d.<\/p>\n<p class=\"nota-justify\">Tambi\u00e9n porque carece de capacitaci\u00f3n en las relaciones exteriores. \u201cExperiencia no es lo mismo que especializaci\u00f3n. Trayectoria no es lo mismo que formaci\u00f3n espec\u00edfica, y un curr\u00edculum amplio no necesariamente garantiza las competencias que requiere un puesto diplom\u00e1tico en uno de los momentos geopol\u00edticos m\u00e1s complejos que ha vivido nuestro planeta en d\u00e9cadas\u201d, a\u00f1adi\u00f3 el senador de Movimiento Ciudadano.<\/p>\n<p class=\"nota-justify\">Al adelantar que su bancada no obstaculizar\u00eda la ratificaci\u00f3n, pero tampoco la acompa\u00f1ar\u00eda, Colosio Riojas se manifest\u00f3 contra la normalizaci\u00f3n de procesos acelerados. \u201cSi aceptamos que la ley puede interpretarse con laxitud cuando conviene, si permitimos que las designaciones se den en la opacidad y sin el escrutinio que merecen, entonces estamos abriendo la puerta a un precedente peligroso\u201d, abund\u00f3.<\/p>\n<p class=\"nota-justify\">Al presentar el dictamen, la senadora Ver\u00f3nica Camino confi\u00f3 en que las relaciones entre M\u00e9xico y el Reino Unido ser\u00e1n fruct\u00edferas y m\u00e1s s\u00f3lidas con la intervenci\u00f3n diplom\u00e1tica de Gertz Manero, quien \u201csabr\u00e1 desempe\u00f1arse como digno representante de M\u00e9xico\u201d.<\/p>\n<p class=\"nota-justify\">A favor del nombramiento se expresaron las fracciones parlamentarias de Morena y los partidos del Trabajo y Verde Ecologista de M\u00e9xico, en tanto las del PAN y el PRI se abstuvieron de participar en el debate.<\/p>\n","protected":false},"excerpt":{"rendered":"<p>La Comisi\u00f3n Permanente del Congreso ratific\u00f3 este mediod\u00eda el nombramiento de Alejandro Gertz Manero como embajador de M\u00e9xico en el<\/p>\n","protected":false},"author":4,"featured_media":78859,"comment_status":"closed","ping_status":"closed","sticky":false,"template":"","format":"standard","meta":{"colormag_page_container_layout":"default_layout","colormag_page_sidebar_layout":"default_layout","_jetpack_memberships_contains_paid_content":false,"footnotes":"","jetpack_publicize_message":"","jetpack_publicize_feature_enabled":true,"jetpack_social_post_already_shared":true,"jetpack_social_options":{"image_generator_settings":{"template":"highway","default_image_id":0,"font":"","enabled":false},"version":2}},"categories":[33],"tags":[],"class_list":["post-78858","post","type-post","status-publish","format-standard","has-post-thumbnail","hentry","category-nacional"],"jetpack_publicize_connections":[],"jetpack_featured_media_url":"https:\/\/i0.wp.com\/politicosaldesnudo.com.mx\/wp-content\/uploads\/2026\/01\/CHUL-1.jpg?fit=1200%2C800&ssl=1","jetpack-related-posts":[],"jetpack_sharing_enabled":true,"_links":{"self":[{"href":"https:\/\/politicosaldesnudo.com.mx\/index.php\/wp-json\/wp\/v2\/posts\/78858","targetHints":{"allow":["GET"]}}],"collection":[{"href":"https:\/\/politicosaldesnudo.com.mx\/index.php\/wp-json\/wp\/v2\/posts"}],"about":[{"href":"https:\/\/politicosaldesnudo.com.mx\/index.php\/wp-json\/wp\/v2\/types\/post"}],"author":[{"embeddable":true,"href":"https:\/\/politicosaldesnudo.com.mx\/index.php\/wp-json\/wp\/v2\/users\/4"}],"replies":[{"embeddable":true,"href":"https:\/\/politicosaldesnudo.com.mx\/index.php\/wp-json\/wp\/v2\/comments?post=78858"}],"version-history":[{"count":0,"href":"https:\/\/politicosaldesnudo.com.mx\/index.php\/wp-json\/wp\/v2\/posts\/78858\/revisions"}],"wp:featuredmedia":[{"embeddable":true,"href":"https:\/\/politicosaldesnudo.com.mx\/index.php\/wp-json\/wp\/v2\/media\/78859"}],"wp:attachment":[{"href":"https:\/\/politicosaldesnudo.com.mx\/index.php\/wp-json\/wp\/v2\/media?parent=78858"}],"wp:term":[{"taxonomy":"category","embeddable":true,"href":"https:\/\/politicosaldesnudo.com.mx\/index.php\/wp-json\/wp\/v2\/categories?post=78858"},{"taxonomy":"post_tag","embeddable":true,"href":"https:\/\/politicosaldesnudo.com.mx\/index.php\/wp-json\/wp\/v2\/tags?post=78858"}],"curies":[{"name":"wp","href":"https:\/\/api.w.org\/{rel}","templated":true}]}}