{"id":78861,"date":"2026-01-27T00:21:29","date_gmt":"2026-01-27T06:21:29","guid":{"rendered":"https:\/\/politicosaldesnudo.com.mx\/?p=78861"},"modified":"2026-01-27T00:21:29","modified_gmt":"2026-01-27T06:21:29","slug":"no-hacemos-oidos-sordos-podemos-viajar-en-metro-corte-sobre-decision-de-no-usar-camionetas-de-lujo","status":"publish","type":"post","link":"https:\/\/politicosaldesnudo.com.mx\/index.php\/2026\/01\/27\/no-hacemos-oidos-sordos-podemos-viajar-en-metro-corte-sobre-decision-de-no-usar-camionetas-de-lujo\/","title":{"rendered":"No hacemos o\u00eddos sordos, podemos viajar en Metro: Corte sobre decisi\u00f3n de no usar camionetas de lujo"},"content":{"rendered":"<p class=\"nota-justify\">La decisi\u00f3n de los ministros de no utilizar las nuevas camionetas blindadas de 2.4 millones de pesos obedeci\u00f3 a que en la Suprema Corte de Justicia de la Naci\u00f3n (SCJN) \u201cno hacemos o\u00eddos sordos\u201d a la cr\u00edtica de la opini\u00f3n p\u00fablica y a que la austeridad \u201cno es un acto simb\u00f3lico\u201d, afirm\u00f3 este lunes el ministro presidente Hugo Aguilar Ortiz, quien incluso se\u00f1al\u00f3 que podr\u00edan trasladarse en autob\u00fas o en Metro para el desempe\u00f1o de sus labores.<\/p>\n<p class=\"nota-justify\">El ministro Hugo Aguilar Ortiz, junto con otros cinco ministros y el presidente del \u00d3rgano de Administraci\u00f3n Judicial (OAJ), N\u00e9stor Vargas, ofrecieron una conferencia de prensa en la sede de la SCJN para sostener que fue justificada la compra de las camionetas, como parte de la renovaci\u00f3n de 571 unidades del parque vehicular del Poder Judicial de la Federaci\u00f3n (PJF).<\/p>\n<p class=\"nota-justify\">Argumentaron que la compra fue razones de \u201cseguridad vial\u201d y no por inseguridad, al sustituir modelos de 2009 y 2023 y por medidas de austeridad que permitir\u00e1n ahorrar m\u00e1s de mil millones de pesos en los pr\u00f3ximos tres a\u00f1os. Aguilar Ortiz enfatiz\u00f3 que los \u201cexcesos\u201d eran de la antigua Corte, no de la nueva.<\/p>\n<p class=\"nota-justify\">\u201cEstuvimos negociando hasta el \u00faltimo minuto para que fuera a un menor costo. Tengan la plena certeza que estamos haciendo las cosas con mucha responsabilidad. Y yo en lo personal puedo andar hasta el Metro, no tengo problema\u201d, dijo Aguilar Ortiz.<\/p>\n<p class=\"nota-justify\">Tambi\u00e9n explic\u00f3 que desde 2010 los ministros cuentan con medidas de seguridad acordes con la responsabilidad del cargo, incluido el uso de veh\u00edculos blindados. Dijo que la integraci\u00f3n de la Corte anterior contaba con 43 unidades, pero al inicio de la actual integraci\u00f3n se recibieron 39, ya que cuatro \u2014\u201cen mejores condiciones\u201d\u2014 fueron compradas por los hoy ministros en retiro.<\/p>\n<p class=\"nota-justify\">Ello provoc\u00f3 que el ministro Ar\u00edstides Guerrero Garc\u00eda afirmara que sus antecesores, encabezados por Norma Pi\u00f1a, \u201cse llevaran\u201d los mejores cuatro veh\u00edculos que usaban y obras de arte, al contestar dos preguntas expresamente dirigidas a \u00e9l.<\/p>\n<p class=\"nota-justify\">Sin embargo, Aguilar Ortiz tuvo que salir a aclarar que no, que las declaraciones de su par no se refer\u00edan a un robo sino a una compra, que les permite un acuerdo interno de la Corte.<\/p>\n<p class=\"nota-justify\">\u201cNo, el acuerdo es que las compran (las camionetas), que se hace un aval\u00fao interno y las compran. El costo es bajo, pero hay un acuerdo plenario, no de \u00e9ste pleno, del pleno anterior, que pod\u00edan adquirir sus veh\u00edculos, se llevaron cuatro veh\u00edculos, obviamente las que estaban en mejores condiciones\u2026 compradas, no se las robaron, hay que puntualizar\u201d, corrigi\u00f3 Hugo.<\/p>\n<p class=\"nota-justify\">Empero, pese a los cuestionamientos de la prensa, Ar\u00edstides Guerrero no precis\u00f3 a qu\u00e9 obras de arte se refer\u00eda ni qu\u00e9 ministros estar\u00edan involucrados, ni aclar\u00f3 si existen denuncias presentadas al respecto. Indic\u00f3 que las auditor\u00edas en curso ser\u00e1n las que revelen esa informaci\u00f3n. En cuanto a los veh\u00edculos, sostuvo que fueron adquiridos por administraciones anteriores a un costo real muy bajo, una pr\u00e1ctica que \u2014dijo\u2014 no se permite en ning\u00fan otro \u00e1mbito laboral.<\/p>\n<p class=\"nota-justify\">\u201c\u00bfEn qu\u00e9 trabajo permiten adquirir un autom\u00f3vil a un precio mucho menor del que se encuentra generalmente cuando se hacen esos convenios? Entonces es importante es importante decirlo. Creo que esa es una de las pol\u00edticas de austeridad que deben implementarse en tanto evitar este tipo de de situaciones que se viven\u201d, cuestion\u00f3.<\/p>\n","protected":false},"excerpt":{"rendered":"<p>La decisi\u00f3n de los ministros de no utilizar las nuevas camionetas blindadas de 2.4 millones de pesos obedeci\u00f3 a que<\/p>\n","protected":false},"author":4,"featured_media":78862,"comment_status":"closed","ping_status":"closed","sticky":false,"template":"","format":"standard","meta":{"colormag_page_container_layout":"default_layout","colormag_page_sidebar_layout":"default_layout","_jetpack_memberships_contains_paid_content":false,"footnotes":"","jetpack_publicize_message":"","jetpack_publicize_feature_enabled":true,"jetpack_social_post_already_shared":true,"jetpack_social_options":{"image_generator_settings":{"template":"highway","default_image_id":0,"font":"","enabled":false},"version":2}},"categories":[33],"tags":[],"class_list":["post-78861","post","type-post","status-publish","format-standard","has-post-thumbnail","hentry","category-nacional"],"jetpack_publicize_connections":[],"jetpack_featured_media_url":"https:\/\/i0.wp.com\/politicosaldesnudo.com.mx\/wp-content\/uploads\/2026\/01\/STSTRST.jpg?fit=1200%2C800&ssl=1","jetpack-related-posts":[],"jetpack_sharing_enabled":true,"_links":{"self":[{"href":"https:\/\/politicosaldesnudo.com.mx\/index.php\/wp-json\/wp\/v2\/posts\/78861","targetHints":{"allow":["GET"]}}],"collection":[{"href":"https:\/\/politicosaldesnudo.com.mx\/index.php\/wp-json\/wp\/v2\/posts"}],"about":[{"href":"https:\/\/politicosaldesnudo.com.mx\/index.php\/wp-json\/wp\/v2\/types\/post"}],"author":[{"embeddable":true,"href":"https:\/\/politicosaldesnudo.com.mx\/index.php\/wp-json\/wp\/v2\/users\/4"}],"replies":[{"embeddable":true,"href":"https:\/\/politicosaldesnudo.com.mx\/index.php\/wp-json\/wp\/v2\/comments?post=78861"}],"version-history":[{"count":0,"href":"https:\/\/politicosaldesnudo.com.mx\/index.php\/wp-json\/wp\/v2\/posts\/78861\/revisions"}],"wp:featuredmedia":[{"embeddable":true,"href":"https:\/\/politicosaldesnudo.com.mx\/index.php\/wp-json\/wp\/v2\/media\/78862"}],"wp:attachment":[{"href":"https:\/\/politicosaldesnudo.com.mx\/index.php\/wp-json\/wp\/v2\/media?parent=78861"}],"wp:term":[{"taxonomy":"category","embeddable":true,"href":"https:\/\/politicosaldesnudo.com.mx\/index.php\/wp-json\/wp\/v2\/categories?post=78861"},{"taxonomy":"post_tag","embeddable":true,"href":"https:\/\/politicosaldesnudo.com.mx\/index.php\/wp-json\/wp\/v2\/tags?post=78861"}],"curies":[{"name":"wp","href":"https:\/\/api.w.org\/{rel}","templated":true}]}}