{"id":78870,"date":"2026-01-27T00:26:07","date_gmt":"2026-01-27T06:26:07","guid":{"rendered":"https:\/\/politicosaldesnudo.com.mx\/?p=78870"},"modified":"2026-01-27T00:26:07","modified_gmt":"2026-01-27T06:26:07","slug":"arremete-trump-contra-corea-del-sur-aumenta-25-de-aranceles-a-exportaciones","status":"publish","type":"post","link":"https:\/\/politicosaldesnudo.com.mx\/index.php\/2026\/01\/27\/arremete-trump-contra-corea-del-sur-aumenta-25-de-aranceles-a-exportaciones\/","title":{"rendered":"Arremete Trump contra Corea del Sur; aumenta 25% de aranceles a exportaciones"},"content":{"rendered":"<p class=\"nota-justify\">El presidente Donald Trump dijo el lunes que aumentar\u00e1 hasta 25 por ciento los aranceles a las importaciones de Estados Unidos de bienes surcoreanos relacionados con autom\u00f3viles, madera y productos farmac\u00e9uticos, al tiempo que acus\u00f3 a la legislatura del pa\u00eds asi\u00e1tico de \u201cno estar a la altura\u201d de su acuerdo comercial con Washington.<\/p>\n<p class=\"nota-justify\">\u201cLa Legislatura de Corea del Sur no est\u00e1 cumpliendo su Acuerdo con Estados Unidos\u201d, escribi\u00f3 Trump en las redes sociales.<\/p>\n<p class=\"nota-justify\">\u201cDebido a que la Legislatura de Corea (del Sur) no ha promulgado nuestro Acuerdo Comercial Hist\u00f3rico, lo cual es su prerrogativa, por la presente estoy aumentando los ARANCELES a Corea del Sur sobre Autos, Madera, f\u00e1rmacos y todos los dem\u00e1s ARANCELES Rec\u00edprocos, de 15 a 25 por ciento\u201d, agreg\u00f3 el republicano.<\/p>\n","protected":false},"excerpt":{"rendered":"<p>El presidente Donald Trump dijo el lunes que aumentar\u00e1 hasta 25 por ciento los aranceles a las importaciones de Estados<\/p>\n","protected":false},"author":4,"featured_media":78871,"comment_status":"closed","ping_status":"closed","sticky":false,"template":"","format":"standard","meta":{"colormag_page_container_layout":"default_layout","colormag_page_sidebar_layout":"default_layout","_jetpack_memberships_contains_paid_content":false,"footnotes":"","jetpack_publicize_message":"","jetpack_publicize_feature_enabled":true,"jetpack_social_post_already_shared":true,"jetpack_social_options":{"image_generator_settings":{"template":"highway","default_image_id":0,"font":"","enabled":false},"version":2}},"categories":[2050],"tags":[],"class_list":["post-78870","post","type-post","status-publish","format-standard","has-post-thumbnail","hentry","category-economia"],"jetpack_publicize_connections":[],"jetpack_featured_media_url":"https:\/\/i0.wp.com\/politicosaldesnudo.com.mx\/wp-content\/uploads\/2026\/01\/ARA.jpg?fit=1200%2C776&ssl=1","jetpack-related-posts":[],"jetpack_sharing_enabled":true,"_links":{"self":[{"href":"https:\/\/politicosaldesnudo.com.mx\/index.php\/wp-json\/wp\/v2\/posts\/78870","targetHints":{"allow":["GET"]}}],"collection":[{"href":"https:\/\/politicosaldesnudo.com.mx\/index.php\/wp-json\/wp\/v2\/posts"}],"about":[{"href":"https:\/\/politicosaldesnudo.com.mx\/index.php\/wp-json\/wp\/v2\/types\/post"}],"author":[{"embeddable":true,"href":"https:\/\/politicosaldesnudo.com.mx\/index.php\/wp-json\/wp\/v2\/users\/4"}],"replies":[{"embeddable":true,"href":"https:\/\/politicosaldesnudo.com.mx\/index.php\/wp-json\/wp\/v2\/comments?post=78870"}],"version-history":[{"count":0,"href":"https:\/\/politicosaldesnudo.com.mx\/index.php\/wp-json\/wp\/v2\/posts\/78870\/revisions"}],"wp:featuredmedia":[{"embeddable":true,"href":"https:\/\/politicosaldesnudo.com.mx\/index.php\/wp-json\/wp\/v2\/media\/78871"}],"wp:attachment":[{"href":"https:\/\/politicosaldesnudo.com.mx\/index.php\/wp-json\/wp\/v2\/media?parent=78870"}],"wp:term":[{"taxonomy":"category","embeddable":true,"href":"https:\/\/politicosaldesnudo.com.mx\/index.php\/wp-json\/wp\/v2\/categories?post=78870"},{"taxonomy":"post_tag","embeddable":true,"href":"https:\/\/politicosaldesnudo.com.mx\/index.php\/wp-json\/wp\/v2\/tags?post=78870"}],"curies":[{"name":"wp","href":"https:\/\/api.w.org\/{rel}","templated":true}]}}