{"id":78882,"date":"2026-01-27T00:31:30","date_gmt":"2026-01-27T06:31:30","guid":{"rendered":"https:\/\/politicosaldesnudo.com.mx\/?p=78882"},"modified":"2026-01-27T00:31:30","modified_gmt":"2026-01-27T06:31:30","slug":"marina-del-pilar-anuncia-cinco-cambios-en-su-gabinete-para-cumplir-paridad-de-genero","status":"publish","type":"post","link":"https:\/\/politicosaldesnudo.com.mx\/index.php\/2026\/01\/27\/marina-del-pilar-anuncia-cinco-cambios-en-su-gabinete-para-cumplir-paridad-de-genero\/","title":{"rendered":"Marina del Pilar anuncia cinco cambios en su gabinete para cumplir paridad de g\u00e9nero"},"content":{"rendered":"<p>La gobernadora de Baja California, Marina del Pilar \u00c1vila Olmeda, anunci\u00f3 cinco nuevos cambios en su gabinete, que, de acuerdo a lo que expres\u00f3 en redes sociales, contribuyen a cumplir con el principio de paridad de g\u00e9nero que marca la ley.<\/p>\n<p>En una publicaci\u00f3n en sus redes sociales present\u00f3 estos nombramientos, destacando el de M\u00f3nica Juliana Vega Aguirre, quien asume la titularidad de la Comisi\u00f3n Estatal de Servicios P\u00fablicos de Tijuana (CESPT), con lo que se convierte en la quinta persona que ocupa ese cargo.<\/p>\n<p>Vega Aguirre se desempe\u00f1aba como titular de la Secretar\u00eda de Medio Ambiente y Desarrollo Sustentable (SMADS), que qued\u00f3 a cargo de Elvia Mart\u00ednez Santos, quien era subsecretar\u00eda de Gobierno de Baja California.<\/p>\n<p>Jes\u00fas Garc\u00eda Castro, ex director de la CESPT ser\u00e1 el nuevo director del Servicio de Administraci\u00f3n Tributaria de Baja California (SAT BC), en sustituci\u00f3n de Gustavo Santos Hern\u00e1ndez Valenzuela.<\/p>\n<p>Despu\u00e9s de desempe\u00f1arse como director de Comunicaci\u00f3n desde julio de 2024, Jes\u00fas L\u00f3pez Romand\u00eda, ser\u00e1 el nuevo secretario particular de \u00c1vila Olmeda.<\/p>\n<p>El puesto de L\u00f3pez Romand\u00eda quedar\u00e1 bajo el mando de Nicolle de Le\u00f3n Larrea, quien ya se desempe\u00f1aba en el \u00e1rea de Comunicaci\u00f3n.<\/p>\n<p>A finales de 2024, fue aprobado a nivel federal el decreto que establece que los gabinetes en todos los niveles de gobierno deben cumplir con la paridad de g\u00e9nero, lo que significa, que est\u00e9n integrados por igual n\u00famero de mujeres y hombres.<\/p>\n","protected":false},"excerpt":{"rendered":"<p>La gobernadora de Baja California, Marina del Pilar \u00c1vila Olmeda, anunci\u00f3 cinco nuevos cambios en su gabinete, que, de acuerdo<\/p>\n","protected":false},"author":4,"featured_media":78883,"comment_status":"closed","ping_status":"closed","sticky":false,"template":"","format":"standard","meta":{"colormag_page_container_layout":"default_layout","colormag_page_sidebar_layout":"default_layout","_jetpack_memberships_contains_paid_content":false,"footnotes":"","jetpack_publicize_message":"","jetpack_publicize_feature_enabled":true,"jetpack_social_post_already_shared":true,"jetpack_social_options":{"image_generator_settings":{"template":"highway","default_image_id":0,"font":"","enabled":false},"version":2}},"categories":[30],"tags":[],"class_list":["post-78882","post","type-post","status-publish","format-standard","has-post-thumbnail","hentry","category-estados"],"jetpack_publicize_connections":[],"jetpack_featured_media_url":"https:\/\/i0.wp.com\/politicosaldesnudo.com.mx\/wp-content\/uploads\/2026\/01\/MARIN.jpg?fit=1200%2C797&ssl=1","jetpack-related-posts":[],"jetpack_sharing_enabled":true,"_links":{"self":[{"href":"https:\/\/politicosaldesnudo.com.mx\/index.php\/wp-json\/wp\/v2\/posts\/78882","targetHints":{"allow":["GET"]}}],"collection":[{"href":"https:\/\/politicosaldesnudo.com.mx\/index.php\/wp-json\/wp\/v2\/posts"}],"about":[{"href":"https:\/\/politicosaldesnudo.com.mx\/index.php\/wp-json\/wp\/v2\/types\/post"}],"author":[{"embeddable":true,"href":"https:\/\/politicosaldesnudo.com.mx\/index.php\/wp-json\/wp\/v2\/users\/4"}],"replies":[{"embeddable":true,"href":"https:\/\/politicosaldesnudo.com.mx\/index.php\/wp-json\/wp\/v2\/comments?post=78882"}],"version-history":[{"count":0,"href":"https:\/\/politicosaldesnudo.com.mx\/index.php\/wp-json\/wp\/v2\/posts\/78882\/revisions"}],"wp:featuredmedia":[{"embeddable":true,"href":"https:\/\/politicosaldesnudo.com.mx\/index.php\/wp-json\/wp\/v2\/media\/78883"}],"wp:attachment":[{"href":"https:\/\/politicosaldesnudo.com.mx\/index.php\/wp-json\/wp\/v2\/media?parent=78882"}],"wp:term":[{"taxonomy":"category","embeddable":true,"href":"https:\/\/politicosaldesnudo.com.mx\/index.php\/wp-json\/wp\/v2\/categories?post=78882"},{"taxonomy":"post_tag","embeddable":true,"href":"https:\/\/politicosaldesnudo.com.mx\/index.php\/wp-json\/wp\/v2\/tags?post=78882"}],"curies":[{"name":"wp","href":"https:\/\/api.w.org\/{rel}","templated":true}]}}