{"id":78885,"date":"2026-01-27T00:33:01","date_gmt":"2026-01-27T06:33:01","guid":{"rendered":"https:\/\/politicosaldesnudo.com.mx\/?p=78885"},"modified":"2026-01-27T00:33:01","modified_gmt":"2026-01-27T06:33:01","slug":"al-cumplirse-11-anos-familiares-y-estudiantes-exigen-justicia-por-los-43-de-ayotzinapa","status":"publish","type":"post","link":"https:\/\/politicosaldesnudo.com.mx\/index.php\/2026\/01\/27\/al-cumplirse-11-anos-familiares-y-estudiantes-exigen-justicia-por-los-43-de-ayotzinapa\/","title":{"rendered":"Al cumplirse 11 a\u00f1os, familiares y estudiantes exigen justicia por los 43 de Ayotzinapa"},"content":{"rendered":"<p class=\"nota-justify\">Al cumplirse 11 a\u00f1os y cuatro meses de la desaparici\u00f3n de los 43 estudiantes de la Normal de Ayotzinapa, decenas de alumnos y miembros de colectivos de familiares de personas desaparecidas realizaron un mitin para reclamar al gobierno federal la falta de resultados en las investigaciones.<\/p>\n<p class=\"nota-justify\" data-start=\"445\" data-end=\"946\">La movilizaci\u00f3n se llev\u00f3 a cabo en el monumento a Las Banderas, en el Antimonumento a los 43, sobre la avenida L\u00e1zaro C\u00e1rdenas, en la capital de Guerrero. Los oradores recordaron que el entonces presidente Andr\u00e9s Manuel L\u00f3pez Obrador prometi\u00f3 resolver el caso en 30 minutos. \u201cPasaron seis a\u00f1os de su gobierno y no resolvi\u00f3 nada; al contrario, encubri\u00f3 a los verdaderos responsables de la desaparici\u00f3n de sus compa\u00f1eros en Iguala, la noche del 26 y madrugada del 27 de septiembre de 2014\u201d, se\u00f1alaron.<\/p>\n<p class=\"nota-justify\" data-start=\"948\" data-end=\"1148\">Otro estudiante mencion\u00f3 que, recientemente, preguntaron a la presidenta Claudia Sheinbaum cu\u00e1l era el n\u00famero exacto de personas desaparecidas en el pa\u00eds, \u201cpero rehuy\u00f3 responder al cuestionamiento\u201d.<\/p>\n<p class=\"nota-justify\" data-start=\"1150\" data-end=\"1447\">Un familiar de personas ausentes en Guerrero demand\u00f3: \u201cYa no debe haber m\u00e1s personas desaparecidas en M\u00e9xico. Vivimos un genocidio; tenemos 31 estados y cientos de colectivos de desaparecidos, pero al gobierno federal no le gusta dar las cifras exactas de los ausentes en la Rep\u00fablica Mexicana\u201d.<\/p>\n<p class=\"nota-justify\" data-start=\"1449\" data-end=\"1622\">\u201cEsta patria ya no es libre, est\u00e1 esclavizada por la violencia. Un ejemplo claro son las 11 personas asesinadas en Guanajuato; la sociedad tiene que alzar la voz\u201d, agreg\u00f3.<\/p>\n<p class=\"nota-justify\" data-start=\"1624\" data-end=\"1810\">Por su parte, uno de los l\u00edderes de la agrupaci\u00f3n Lupita Rodr\u00edguez pidi\u00f3 al Ej\u00e9rcito Mexicano entregar los 800 folios para que los padres de los 43 estudiantes puedan obtener justicia.<\/p>\n<p class=\"nota-justify\" data-start=\"1812\" data-end=\"1867\">\u201cEste Gobierno nunca nos ver\u00e1 de rodillas\u201d, concluy\u00f3.<\/p>\n","protected":false},"excerpt":{"rendered":"<p>Al cumplirse 11 a\u00f1os y cuatro meses de la desaparici\u00f3n de los 43 estudiantes de la Normal de Ayotzinapa, decenas<\/p>\n","protected":false},"author":4,"featured_media":78886,"comment_status":"closed","ping_status":"closed","sticky":false,"template":"","format":"standard","meta":{"colormag_page_container_layout":"default_layout","colormag_page_sidebar_layout":"default_layout","_jetpack_memberships_contains_paid_content":false,"footnotes":"","jetpack_publicize_message":"","jetpack_publicize_feature_enabled":true,"jetpack_social_post_already_shared":true,"jetpack_social_options":{"image_generator_settings":{"template":"highway","default_image_id":0,"font":"","enabled":false},"version":2}},"categories":[30],"tags":[],"class_list":["post-78885","post","type-post","status-publish","format-standard","has-post-thumbnail","hentry","category-estados"],"jetpack_publicize_connections":[],"jetpack_featured_media_url":"https:\/\/i0.wp.com\/politicosaldesnudo.com.mx\/wp-content\/uploads\/2026\/01\/AYO.jpg?fit=1200%2C994&ssl=1","jetpack-related-posts":[],"jetpack_sharing_enabled":true,"_links":{"self":[{"href":"https:\/\/politicosaldesnudo.com.mx\/index.php\/wp-json\/wp\/v2\/posts\/78885","targetHints":{"allow":["GET"]}}],"collection":[{"href":"https:\/\/politicosaldesnudo.com.mx\/index.php\/wp-json\/wp\/v2\/posts"}],"about":[{"href":"https:\/\/politicosaldesnudo.com.mx\/index.php\/wp-json\/wp\/v2\/types\/post"}],"author":[{"embeddable":true,"href":"https:\/\/politicosaldesnudo.com.mx\/index.php\/wp-json\/wp\/v2\/users\/4"}],"replies":[{"embeddable":true,"href":"https:\/\/politicosaldesnudo.com.mx\/index.php\/wp-json\/wp\/v2\/comments?post=78885"}],"version-history":[{"count":0,"href":"https:\/\/politicosaldesnudo.com.mx\/index.php\/wp-json\/wp\/v2\/posts\/78885\/revisions"}],"wp:featuredmedia":[{"embeddable":true,"href":"https:\/\/politicosaldesnudo.com.mx\/index.php\/wp-json\/wp\/v2\/media\/78886"}],"wp:attachment":[{"href":"https:\/\/politicosaldesnudo.com.mx\/index.php\/wp-json\/wp\/v2\/media?parent=78885"}],"wp:term":[{"taxonomy":"category","embeddable":true,"href":"https:\/\/politicosaldesnudo.com.mx\/index.php\/wp-json\/wp\/v2\/categories?post=78885"},{"taxonomy":"post_tag","embeddable":true,"href":"https:\/\/politicosaldesnudo.com.mx\/index.php\/wp-json\/wp\/v2\/tags?post=78885"}],"curies":[{"name":"wp","href":"https:\/\/api.w.org\/{rel}","templated":true}]}}