{"id":78900,"date":"2026-01-28T00:01:33","date_gmt":"2026-01-28T06:01:33","guid":{"rendered":"https:\/\/politicosaldesnudo.com.mx\/?p=78900"},"modified":"2026-01-27T22:11:15","modified_gmt":"2026-01-28T04:11:15","slug":"unen-esfuerzos-para-fortalecer-el-hospital-emilio-alcazar","status":"publish","type":"post","link":"https:\/\/politicosaldesnudo.com.mx\/index.php\/2026\/01\/28\/unen-esfuerzos-para-fortalecer-el-hospital-emilio-alcazar\/","title":{"rendered":"Unen esfuerzos para fortalecer el Hospital \u00abEmilio Alc\u00e1zar\u00bb"},"content":{"rendered":"<p>En un paso decisivo para robustecer la atenci\u00f3n m\u00e9dica en la zona norte del estado, la regidora Esmeralda M\u00e1rquez Ram\u00edrez y el Dr. Romualdo Cruz-Cerecedo, director del Hospital General de Tuxpan \u00abDr. Emilio Alc\u00e1zar\u00bb, formalizaron una agenda de trabajo conjunto que promete optimizar los servicios de salud p\u00fablica en la regi\u00f3n. El encuentro, celebrado en las instalaciones del nosocomio, sirvi\u00f3 como plataforma para delinear estrategias que permitan una gesti\u00f3n m\u00e1s \u00e1gil y humana en beneficio de la ciudadan\u00eda.<br \/>\nDurante la reuni\u00f3n, M\u00e1rquez Ram\u00edrez puso de relieve la destacada trayectoria del Dr. Cruz-Cerecedo, subrayando que su experiencia como reconocido cirujano pl\u00e1stico en Veracruz aporta un valor t\u00e9cnico fundamental a la direcci\u00f3n del hospital. No obstante, la edil enfatiz\u00f3 que el v\u00ednculo que los une trasciende lo estrictamente administrativo, pues existe una amistad cimentada en a\u00f1os de compromiso social y una visi\u00f3n compartida sobre las necesidades urgentes de la poblaci\u00f3n tuxpe\u00f1a.<br \/>\nLa funcionaria aprovech\u00f3 la ocasi\u00f3n para extender un reconocimiento p\u00fablico a la plantilla laboral del Hospital \u00abEmilio Alc\u00e1zar\u00bb. Calific\u00f3 a la instituci\u00f3n como un pilar insustituible para la zona norte, destacando la entrega del personal m\u00e9dico y administrativo que atiende diariamente a miles de familias. \u00abReconozco y valoro profundamente la labor invaluable que realizan d\u00eda a d\u00eda en el hospital, brindando atenci\u00f3n con entrega a toda nuestra gente\u00bb, manifest\u00f3 la regidora, reafirmando que el capital humano es el motor principal de la salud p\u00fablica.<br \/>\nComo resultado de este di\u00e1logo, la Regidur\u00eda Tercera y la direcci\u00f3n del hospital acordaron mantener una vinculaci\u00f3n estrecha y permanente. Esta coordinaci\u00f3n busca garantizar que los apoyos y recursos se canalicen de manera m\u00e1s eficiente, asegurando que la asistencia llegue prioritariamente a los sectores m\u00e1s vulnerables. Esta iniciativa se alinea directamente con la visi\u00f3n de trabajo impulsada por el equipo de Daniel Cortina Mart\u00ednez, cuyo enfoque se centra en transformar la gesti\u00f3n p\u00fablica en beneficios tangibles que eleven la calidad de vida y el bienestar social de los habitantes de Tuxpan.<\/p>\n","protected":false},"excerpt":{"rendered":"<p>En un paso decisivo para robustecer la atenci\u00f3n m\u00e9dica en la zona norte del estado, la regidora Esmeralda M\u00e1rquez Ram\u00edrez<\/p>\n","protected":false},"author":4,"featured_media":78901,"comment_status":"closed","ping_status":"closed","sticky":false,"template":"","format":"standard","meta":{"colormag_page_container_layout":"default_layout","colormag_page_sidebar_layout":"default_layout","_jetpack_memberships_contains_paid_content":false,"footnotes":"","jetpack_publicize_message":"","jetpack_publicize_feature_enabled":true,"jetpack_social_post_already_shared":true,"jetpack_social_options":{"image_generator_settings":{"template":"highway","default_image_id":0,"font":"","enabled":false},"version":2}},"categories":[1082],"tags":[],"class_list":["post-78900","post","type-post","status-publish","format-standard","has-post-thumbnail","hentry","category-tuxpan"],"jetpack_publicize_connections":[],"jetpack_featured_media_url":"https:\/\/i0.wp.com\/politicosaldesnudo.com.mx\/wp-content\/uploads\/2026\/01\/WhatsApp-Image-2026-01-27-at-17.40.42-3.jpg?fit=1600%2C725&ssl=1","jetpack-related-posts":[],"jetpack_sharing_enabled":true,"_links":{"self":[{"href":"https:\/\/politicosaldesnudo.com.mx\/index.php\/wp-json\/wp\/v2\/posts\/78900","targetHints":{"allow":["GET"]}}],"collection":[{"href":"https:\/\/politicosaldesnudo.com.mx\/index.php\/wp-json\/wp\/v2\/posts"}],"about":[{"href":"https:\/\/politicosaldesnudo.com.mx\/index.php\/wp-json\/wp\/v2\/types\/post"}],"author":[{"embeddable":true,"href":"https:\/\/politicosaldesnudo.com.mx\/index.php\/wp-json\/wp\/v2\/users\/4"}],"replies":[{"embeddable":true,"href":"https:\/\/politicosaldesnudo.com.mx\/index.php\/wp-json\/wp\/v2\/comments?post=78900"}],"version-history":[{"count":0,"href":"https:\/\/politicosaldesnudo.com.mx\/index.php\/wp-json\/wp\/v2\/posts\/78900\/revisions"}],"wp:featuredmedia":[{"embeddable":true,"href":"https:\/\/politicosaldesnudo.com.mx\/index.php\/wp-json\/wp\/v2\/media\/78901"}],"wp:attachment":[{"href":"https:\/\/politicosaldesnudo.com.mx\/index.php\/wp-json\/wp\/v2\/media?parent=78900"}],"wp:term":[{"taxonomy":"category","embeddable":true,"href":"https:\/\/politicosaldesnudo.com.mx\/index.php\/wp-json\/wp\/v2\/categories?post=78900"},{"taxonomy":"post_tag","embeddable":true,"href":"https:\/\/politicosaldesnudo.com.mx\/index.php\/wp-json\/wp\/v2\/tags?post=78900"}],"curies":[{"name":"wp","href":"https:\/\/api.w.org\/{rel}","templated":true}]}}