{"id":78915,"date":"2026-01-28T00:06:38","date_gmt":"2026-01-28T06:06:38","guid":{"rendered":"https:\/\/politicosaldesnudo.com.mx\/?p=78915"},"modified":"2026-01-27T22:27:37","modified_gmt":"2026-01-28T04:27:37","slug":"descarta-sheinbaum-reforma-a-fiscalias-todavia-no-esta-considerada","status":"publish","type":"post","link":"https:\/\/politicosaldesnudo.com.mx\/index.php\/2026\/01\/28\/descarta-sheinbaum-reforma-a-fiscalias-todavia-no-esta-considerada\/","title":{"rendered":"Descarta Sheinbaum reforma a fiscal\u00edas; \u201ctodav\u00eda no est\u00e1 considerada\u201d"},"content":{"rendered":"<p class=\"nota-justify\">Aun cuando consider\u00f3 que las fiscal\u00edas del pa\u00eds deben mejorar su funcionamiento, la presidenta Claudia Sheinbaum Pardo descart\u00f3 una reforma constitucional o legal a esas instancias de procuraci\u00f3n de justicia.<\/p>\n<p class=\"nota-justify\">A pregunta en la ma\u00f1anera de este martes sobre una posible reforma a las fiscal\u00edas, la titular del Ejecutivo federal sostuvo que \u201ctodav\u00eda no est\u00e1 considerado\u201d.<\/p>\n<p class=\"nota-justify\">Afirm\u00f3 que en el nivel federal se espera que la fiscal general de la Rep\u00fablica, Ernestina Godoy, presente su programa de trabajo. \u201cElla tiene algunos planteamientos muy importantes de fortalecimiento de la Fiscal\u00eda General de la Rep\u00fablica. Y vamos a ver cu\u00e1l es la propuesta\u201d.<\/p>\n<p class=\"nota-justify\">Sin embargo, plante\u00f3 la mandataria, \u00abhasta el momento no hemos planteado ninguna modificaci\u00f3n ni constitucional ni jur\u00eddica a las fiscal\u00edas, aunque tienen que mejorar las fiscal\u00edas, eso es un hecho\u201d.<\/p>\n","protected":false},"excerpt":{"rendered":"<p>Aun cuando consider\u00f3 que las fiscal\u00edas del pa\u00eds deben mejorar su funcionamiento, la presidenta Claudia Sheinbaum Pardo descart\u00f3 una reforma<\/p>\n","protected":false},"author":4,"featured_media":78916,"comment_status":"closed","ping_status":"closed","sticky":false,"template":"","format":"standard","meta":{"colormag_page_container_layout":"default_layout","colormag_page_sidebar_layout":"default_layout","_jetpack_memberships_contains_paid_content":false,"footnotes":"","jetpack_publicize_message":"","jetpack_publicize_feature_enabled":true,"jetpack_social_post_already_shared":true,"jetpack_social_options":{"image_generator_settings":{"template":"highway","default_image_id":0,"font":"","enabled":false},"version":2}},"categories":[33],"tags":[],"class_list":["post-78915","post","type-post","status-publish","format-standard","has-post-thumbnail","hentry","category-nacional"],"jetpack_publicize_connections":[],"jetpack_featured_media_url":"https:\/\/i0.wp.com\/politicosaldesnudo.com.mx\/wp-content\/uploads\/2026\/01\/Ratifica-Sheinbaum-entrega-voluntaria-de-Wedding-no-entrare-en-polemica-con-FBI-dice.jpg?fit=1200%2C800&ssl=1","jetpack-related-posts":[],"jetpack_sharing_enabled":true,"_links":{"self":[{"href":"https:\/\/politicosaldesnudo.com.mx\/index.php\/wp-json\/wp\/v2\/posts\/78915","targetHints":{"allow":["GET"]}}],"collection":[{"href":"https:\/\/politicosaldesnudo.com.mx\/index.php\/wp-json\/wp\/v2\/posts"}],"about":[{"href":"https:\/\/politicosaldesnudo.com.mx\/index.php\/wp-json\/wp\/v2\/types\/post"}],"author":[{"embeddable":true,"href":"https:\/\/politicosaldesnudo.com.mx\/index.php\/wp-json\/wp\/v2\/users\/4"}],"replies":[{"embeddable":true,"href":"https:\/\/politicosaldesnudo.com.mx\/index.php\/wp-json\/wp\/v2\/comments?post=78915"}],"version-history":[{"count":0,"href":"https:\/\/politicosaldesnudo.com.mx\/index.php\/wp-json\/wp\/v2\/posts\/78915\/revisions"}],"wp:featuredmedia":[{"embeddable":true,"href":"https:\/\/politicosaldesnudo.com.mx\/index.php\/wp-json\/wp\/v2\/media\/78916"}],"wp:attachment":[{"href":"https:\/\/politicosaldesnudo.com.mx\/index.php\/wp-json\/wp\/v2\/media?parent=78915"}],"wp:term":[{"taxonomy":"category","embeddable":true,"href":"https:\/\/politicosaldesnudo.com.mx\/index.php\/wp-json\/wp\/v2\/categories?post=78915"},{"taxonomy":"post_tag","embeddable":true,"href":"https:\/\/politicosaldesnudo.com.mx\/index.php\/wp-json\/wp\/v2\/tags?post=78915"}],"curies":[{"name":"wp","href":"https:\/\/api.w.org\/{rel}","templated":true}]}}