{"id":78918,"date":"2026-01-28T00:07:41","date_gmt":"2026-01-28T06:07:41","guid":{"rendered":"https:\/\/politicosaldesnudo.com.mx\/?p=78918"},"modified":"2026-01-27T22:29:49","modified_gmt":"2026-01-28T04:29:49","slug":"militares-y-marinos-pueden-ser-juzgados-por-ejercicio-ilicito-del-servicio-publico-corte","status":"publish","type":"post","link":"https:\/\/politicosaldesnudo.com.mx\/index.php\/2026\/01\/28\/militares-y-marinos-pueden-ser-juzgados-por-ejercicio-ilicito-del-servicio-publico-corte\/","title":{"rendered":"Militares y marinos pueden ser juzgados por ejercicio il\u00edcito del servicio p\u00fablico: Corte"},"content":{"rendered":"<p class=\"nota-justify\">La Suprema Corte de Justicia de la Naci\u00f3n (SCJN) determin\u00f3 este martes que los militares y marinos acusados del delito de ejercicio il\u00edcito del servicio p\u00fablico pueden ser juzgados por tribunales castrenses y no \u00fanicamente por jueces civiles, al tratarse de un il\u00edcito previsto en el C\u00f3digo Penal Federal.<\/p>\n<p class=\"nota-justify\">Por seis votos contra dos, el Pleno aprob\u00f3 el proyecto del ministro presidente Hugo Aguilar Ortiz, que fij\u00f3 un criterio (jurisprudencia) que establece que el fuero militar s\u00f3lo puede intervenir en estos casos cuando exista una relaci\u00f3n directa entre la conducta atribuida al militar y un da\u00f1o a la disciplina castrense.<\/p>\n<p class=\"nota-justify\">En concreto, defendi\u00f3 que deben acreditarse de manera estricta dos elementos: que la conducta afect\u00f3 la cadena de mando y obstaculiz\u00f3 funciones esenciales de las Fuerzas Armadas, como la seguridad nacional y la protecci\u00f3n del Estado.<\/p>\n<p class=\"nota-justify\">\u201cSi bien el delito de ejercicio il\u00edcito del servicio p\u00fablico previsto en el art\u00edculo 214, fracci\u00f3n VI, del C\u00f3digo Penal Federal, protege el bien jur\u00eddico, la prestaci\u00f3n adecuada y correcta del servicio p\u00fablico, lo cierto es que en el supuesto en que se acredite una conexi\u00f3n directa entre la conducta atribuida a la persona militar imputada y la afectaci\u00f3n al bien jur\u00eddico de la disciplina castrense se configura el factor material para la actualizaci\u00f3n de la competencia excepcional del fuero militar\u201d, explic\u00f3 el ponente.<\/p>\n<p class=\"nota-justify\">El asunto lleg\u00f3 a la Corte mediante la contradicci\u00f3n de criterios 185\/2025: mientras un Tribunal Colegiado de Jalisco sostuvo que era competente el fuero militar al advertir una conexi\u00f3n directa entre el hecho y la disciplina castrense, un Pleno Regional estim\u00f3 que se trataba de un delito com\u00fan, vinculado a la corrupci\u00f3n administrativa y, por ello, de competencia ordinaria.<\/p>\n<p class=\"nota-justify\">Los criterios de los tribunales colegiados surgieron de casos en los que militares fueron vinculados a proceso por ejercicio il\u00edcito del servicio p\u00fablico: en Jalisco, un comandante permiti\u00f3 la sustracci\u00f3n de armas bajo su resguardo, sustituidas por r\u00e9plicas; en un hospital militar, un sargento desvi\u00f3 medicamentos mediante recetas y documentos duplicados; y durante la pandemia de COVID-19, una sargenta sustrajo insumos m\u00e9dicos del Hospital Central Militar.<\/p>\n<p class=\"nota-justify\">Los ministros Giovanni Figueroa Mej\u00eda e Irving Espinosa Betanzos votaron en contra del proyecto, pues consideraron que se debi\u00f3, primero, determinar si la disciplina militar forma parte de los il\u00edcitos de la funci\u00f3n p\u00fablica.<\/p>\n<p class=\"nota-justify\">\u201cEn mi consideraci\u00f3n, se tiene que analizar el tema del fuero, si es el fuero militar o el fuero com\u00fan, y una vez realizado esto, hacer la revisi\u00f3n del bien jur\u00eddico penal que protege la norma penal, en mi consideraci\u00f3n, la metodolog\u00eda que se hace es al rev\u00e9s, primero se analiza el delito y despu\u00e9s el sujeto activo\u201d, explic\u00f3 Irving Espinosa.<\/p>\n","protected":false},"excerpt":{"rendered":"<p>La Suprema Corte de Justicia de la Naci\u00f3n (SCJN) determin\u00f3 este martes que los militares y marinos acusados del delito<\/p>\n","protected":false},"author":4,"featured_media":78919,"comment_status":"closed","ping_status":"closed","sticky":false,"template":"","format":"standard","meta":{"colormag_page_container_layout":"default_layout","colormag_page_sidebar_layout":"default_layout","_jetpack_memberships_contains_paid_content":false,"footnotes":"","jetpack_publicize_message":"","jetpack_publicize_feature_enabled":true,"jetpack_social_post_already_shared":true,"jetpack_social_options":{"image_generator_settings":{"template":"highway","default_image_id":0,"font":"","enabled":false},"version":2}},"categories":[33],"tags":[],"class_list":["post-78918","post","type-post","status-publish","format-standard","has-post-thumbnail","hentry","category-nacional"],"jetpack_publicize_connections":[],"jetpack_featured_media_url":"https:\/\/i0.wp.com\/politicosaldesnudo.com.mx\/wp-content\/uploads\/2026\/01\/TAR.jpg?fit=1200%2C800&ssl=1","jetpack-related-posts":[],"jetpack_sharing_enabled":true,"_links":{"self":[{"href":"https:\/\/politicosaldesnudo.com.mx\/index.php\/wp-json\/wp\/v2\/posts\/78918","targetHints":{"allow":["GET"]}}],"collection":[{"href":"https:\/\/politicosaldesnudo.com.mx\/index.php\/wp-json\/wp\/v2\/posts"}],"about":[{"href":"https:\/\/politicosaldesnudo.com.mx\/index.php\/wp-json\/wp\/v2\/types\/post"}],"author":[{"embeddable":true,"href":"https:\/\/politicosaldesnudo.com.mx\/index.php\/wp-json\/wp\/v2\/users\/4"}],"replies":[{"embeddable":true,"href":"https:\/\/politicosaldesnudo.com.mx\/index.php\/wp-json\/wp\/v2\/comments?post=78918"}],"version-history":[{"count":0,"href":"https:\/\/politicosaldesnudo.com.mx\/index.php\/wp-json\/wp\/v2\/posts\/78918\/revisions"}],"wp:featuredmedia":[{"embeddable":true,"href":"https:\/\/politicosaldesnudo.com.mx\/index.php\/wp-json\/wp\/v2\/media\/78919"}],"wp:attachment":[{"href":"https:\/\/politicosaldesnudo.com.mx\/index.php\/wp-json\/wp\/v2\/media?parent=78918"}],"wp:term":[{"taxonomy":"category","embeddable":true,"href":"https:\/\/politicosaldesnudo.com.mx\/index.php\/wp-json\/wp\/v2\/categories?post=78918"},{"taxonomy":"post_tag","embeddable":true,"href":"https:\/\/politicosaldesnudo.com.mx\/index.php\/wp-json\/wp\/v2\/tags?post=78918"}],"curies":[{"name":"wp","href":"https:\/\/api.w.org\/{rel}","templated":true}]}}