{"id":78921,"date":"2026-01-28T00:08:28","date_gmt":"2026-01-28T06:08:28","guid":{"rendered":"https:\/\/politicosaldesnudo.com.mx\/?p=78921"},"modified":"2026-01-27T22:31:35","modified_gmt":"2026-01-28T04:31:35","slug":"percepciones-de-ministros-se-redujeron-de-206-mil-pesos-a-134-mil-informa-sheinbaum","status":"publish","type":"post","link":"https:\/\/politicosaldesnudo.com.mx\/index.php\/2026\/01\/28\/percepciones-de-ministros-se-redujeron-de-206-mil-pesos-a-134-mil-informa-sheinbaum\/","title":{"rendered":"Percepciones de ministros se redujeron de 206 mil pesos a 134 mil, informa Sheinbaum"},"content":{"rendered":"<p class=\"nota-justify\">En medio de la pol\u00e9mica en torno a la Suprema\u00a0Corte de Justicia de la Naci\u00f3n, la presidenta Claudia Sheinbaum sostuvo que de acuerdo a la conformaci\u00f3n del \u00d3rgano de Administraci\u00f3n Judicial, a nivel salarial, las percepciones de los ministros se redujeron de 206 mil pesos netos a 134 mil pesos entre la anterior integraci\u00f3n y la actual conformaci\u00f3n de la Corte.<\/p>\n<p class=\"nota-justify\">En la conferencia, present\u00f3 un reporte enviado por este \u00f3rgano seg\u00fan el cual, con la entrada de los nuevos integrantes de la Corte, se cancelaron 59 apoyos extraordinarios de 149 que exist\u00edan. Entre ellos, destac\u00f3 la cancelaci\u00f3n del Seguro de Separaci\u00f3n Individualizada de 523 mil pesos y el seguro de gastos m\u00e9dicos mayores de que era 36 mil pesos. El aguinaldo baj\u00f3 de 585 mil a 377 mil pesos.<\/p>\n<p class=\"nota-justify\">Otra de las cancelaciones de privilegios en el Poder Judicial fueron los 639 mil 917 pesos por prima de riesgo que ahora es de cero; medicinas complementarias,\u00a0que era del orden de un mill\u00f3n 953 mil pesos; chequeos m\u00e9dicos por 35 mil 966 pesos y apoyo de alimentos, 5 millones 341 mil pesos.<\/p>\n","protected":false},"excerpt":{"rendered":"<p>En medio de la pol\u00e9mica en torno a la Suprema\u00a0Corte de Justicia de la Naci\u00f3n, la presidenta Claudia Sheinbaum sostuvo<\/p>\n","protected":false},"author":4,"featured_media":78922,"comment_status":"closed","ping_status":"closed","sticky":false,"template":"","format":"standard","meta":{"colormag_page_container_layout":"default_layout","colormag_page_sidebar_layout":"default_layout","_jetpack_memberships_contains_paid_content":false,"footnotes":"","jetpack_publicize_message":"","jetpack_publicize_feature_enabled":true,"jetpack_social_post_already_shared":true,"jetpack_social_options":{"image_generator_settings":{"template":"highway","default_image_id":0,"font":"","enabled":false},"version":2}},"categories":[33],"tags":[],"class_list":["post-78921","post","type-post","status-publish","format-standard","has-post-thumbnail","hentry","category-nacional"],"jetpack_publicize_connections":[],"jetpack_featured_media_url":"https:\/\/i0.wp.com\/politicosaldesnudo.com.mx\/wp-content\/uploads\/2026\/01\/LAPA.jpg?fit=1200%2C800&ssl=1","jetpack-related-posts":[],"jetpack_sharing_enabled":true,"_links":{"self":[{"href":"https:\/\/politicosaldesnudo.com.mx\/index.php\/wp-json\/wp\/v2\/posts\/78921","targetHints":{"allow":["GET"]}}],"collection":[{"href":"https:\/\/politicosaldesnudo.com.mx\/index.php\/wp-json\/wp\/v2\/posts"}],"about":[{"href":"https:\/\/politicosaldesnudo.com.mx\/index.php\/wp-json\/wp\/v2\/types\/post"}],"author":[{"embeddable":true,"href":"https:\/\/politicosaldesnudo.com.mx\/index.php\/wp-json\/wp\/v2\/users\/4"}],"replies":[{"embeddable":true,"href":"https:\/\/politicosaldesnudo.com.mx\/index.php\/wp-json\/wp\/v2\/comments?post=78921"}],"version-history":[{"count":0,"href":"https:\/\/politicosaldesnudo.com.mx\/index.php\/wp-json\/wp\/v2\/posts\/78921\/revisions"}],"wp:featuredmedia":[{"embeddable":true,"href":"https:\/\/politicosaldesnudo.com.mx\/index.php\/wp-json\/wp\/v2\/media\/78922"}],"wp:attachment":[{"href":"https:\/\/politicosaldesnudo.com.mx\/index.php\/wp-json\/wp\/v2\/media?parent=78921"}],"wp:term":[{"taxonomy":"category","embeddable":true,"href":"https:\/\/politicosaldesnudo.com.mx\/index.php\/wp-json\/wp\/v2\/categories?post=78921"},{"taxonomy":"post_tag","embeddable":true,"href":"https:\/\/politicosaldesnudo.com.mx\/index.php\/wp-json\/wp\/v2\/tags?post=78921"}],"curies":[{"name":"wp","href":"https:\/\/api.w.org\/{rel}","templated":true}]}}