{"id":78927,"date":"2026-01-28T00:10:59","date_gmt":"2026-01-28T06:10:59","guid":{"rendered":"https:\/\/politicosaldesnudo.com.mx\/?p=78927"},"modified":"2026-01-27T22:35:06","modified_gmt":"2026-01-28T04:35:06","slug":"la-cupula-bancaria-se-compromete-con-sheinbaum-mas-credito-y-mas-inversion","status":"publish","type":"post","link":"https:\/\/politicosaldesnudo.com.mx\/index.php\/2026\/01\/28\/la-cupula-bancaria-se-compromete-con-sheinbaum-mas-credito-y-mas-inversion\/","title":{"rendered":"La c\u00fapula bancaria se compromete con Sheinbaum: m\u00e1s cr\u00e9dito y m\u00e1s inversi\u00f3n"},"content":{"rendered":"<div id=\"article-content-tts\" class=\"nota-contenido mb-5\">\n<div id=\"content_nitf\">\n<p class=\"nota-justify\">Los banqueros fueron a Palacio Nacional este martes con un objetivo: declararse listos para financiar el crecimiento del pa\u00eds. De forma inmediata, se comprometieron con la presidenta Claudia Sheinbaum a otorgar m\u00e1s cr\u00e9dito e impulsar la inversi\u00f3n p\u00fablica y privada, confirmaron fuentes a\u00a0<i>La Jornada<\/i>.<\/p>\n<p class=\"nota-justify\">En la reuni\u00f3n, los representantes de las instituciones financieras que operan aqu\u00ed se comprometieron a que, para finales de 2030, el cr\u00e9dito represente la mitad del Producto Interno Bruto (PIB), que al cierre del \u00faltimo a\u00f1o alcanzaba el 35 por ciento; al mismo tiempo de apoyar en este momento proyectos de infraestructura y energ\u00eda.<\/p>\n<p class=\"nota-justify\">Este martes, la presidenta de M\u00e9xico inform\u00f3 en redes sociales que se sostuvo una reuni\u00f3n con la gobernadora del Banco de M\u00e9xico, Victoria Rodr\u00edguez; el titular de la Secretar\u00eda de Hacienda y Cr\u00e9dito P\u00fablico (SHCP), \u00c9dgar Amador; y representantes de la Asociaci\u00f3n de Bancos de M\u00e9xico (ABM), entre ellos, su presidente, Emilio Romano, en la que se abord\u00f3 \u201clas perspectivas econ\u00f3micas del pa\u00eds\u201d.<\/p>\n<p class=\"nota-justify\">Fuentes que estuvieron presentes en la reuni\u00f3n indicaron a este medio que la titular del Ejecutivo le solicit\u00f3 al sector financiero acompa\u00f1ar al gobierno en su misi\u00f3n de aumentar los niveles de inversi\u00f3n p\u00fablica y privada, al mismo tiempo de revelar que la siguiente semana, se presentar\u00e1 un plan carretero, de puertos y aeropuertos.<\/p>\n<p class=\"nota-justify\">\u201cLa banca se dijo lista para financiar el crecimiento de M\u00e9xico.\u00a0 La presidenta hizo una petici\u00f3n a la banca para que este gremio acompa\u00f1e al gobierno a incrementar la inversi\u00f3n p\u00fablica y privada en \u00e1reas claves como infraestructura, energ\u00eda y las micro, peque\u00f1as, y medianas empresas\u201d, se\u00f1alaron las fuentes a\u00a0<i>La Jornada<\/i>.<\/p>\n<p class=\"nota-justify\">En su oportunidad, detallaron, los banqueros le dijeron a la Presidenta que est\u00e1n listos para digitalizar la econom\u00eda, disminuir los niveles de informalidad mediante el acceso a servicios financieros, y sobre todo, aumentar el cr\u00e9dito, como proporci\u00f3n del PIB, a un nivel de 50 por ciento para finales del sexenio.<\/p>\n<p class=\"nota-justify\">Junto a Emilio Romano, estuvieron presentes los representantes de los ocho principales grupos financieros que operan en M\u00e9xico: Eduardo Osuna, director general de BBVA; Felipe Garc\u00eda, de Santander; Jorge Arce, de HSBC; Manuel Romo, de Banamex; Marcos Ram\u00edrez, de Banorte; Pablo Elek, de Scotiabank; Javier Foncerrada, de Inbursa; y Luis Brossier, de Citi M\u00e9xico.<\/p>\n<p class=\"nota-justify\">Tambi\u00e9n asisti\u00f3 Daniel Becker, de Banca Mifel; Tamara Caballero, de Multiva; Armando Herrera, de Nu, entre otros.<\/p>\n<p class=\"nota-justify\">Cabe recordar que durante la 88 Convenci\u00f3n Bancaria que se realiz\u00f3 el a\u00f1o pasado, los banqueros se comprometieron con Sheinbaum para que, al concluir el sexenio, al menos el 30 por ciento de las micro, peque\u00f1as y medianas empresas que operan en M\u00e9xico tengan un financiamiento; as\u00ed como aumentar el n\u00famero de transacciones que se realizan en medios digitales, algo conocido como la digitalizaci\u00f3n de la econom\u00eda.<\/p>\n<\/div>\n<\/div>\n<div class=\"notas-relacionadas\"><\/div>\n<div class=\"nota-tags\"><\/div>\n","protected":false},"excerpt":{"rendered":"<p>Los banqueros fueron a Palacio Nacional este martes con un objetivo: declararse listos para financiar el crecimiento del pa\u00eds. De<\/p>\n","protected":false},"author":4,"featured_media":78928,"comment_status":"closed","ping_status":"closed","sticky":false,"template":"","format":"standard","meta":{"colormag_page_container_layout":"default_layout","colormag_page_sidebar_layout":"default_layout","_jetpack_memberships_contains_paid_content":false,"footnotes":"","jetpack_publicize_message":"","jetpack_publicize_feature_enabled":true,"jetpack_social_post_already_shared":true,"jetpack_social_options":{"image_generator_settings":{"template":"highway","default_image_id":0,"font":"","enabled":false},"version":2}},"categories":[2050],"tags":[],"class_list":["post-78927","post","type-post","status-publish","format-standard","has-post-thumbnail","hentry","category-economia"],"jetpack_publicize_connections":[],"jetpack_featured_media_url":"https:\/\/i0.wp.com\/politicosaldesnudo.com.mx\/wp-content\/uploads\/2026\/01\/MMDS.jpg?fit=1200%2C675&ssl=1","jetpack-related-posts":[],"jetpack_sharing_enabled":true,"_links":{"self":[{"href":"https:\/\/politicosaldesnudo.com.mx\/index.php\/wp-json\/wp\/v2\/posts\/78927","targetHints":{"allow":["GET"]}}],"collection":[{"href":"https:\/\/politicosaldesnudo.com.mx\/index.php\/wp-json\/wp\/v2\/posts"}],"about":[{"href":"https:\/\/politicosaldesnudo.com.mx\/index.php\/wp-json\/wp\/v2\/types\/post"}],"author":[{"embeddable":true,"href":"https:\/\/politicosaldesnudo.com.mx\/index.php\/wp-json\/wp\/v2\/users\/4"}],"replies":[{"embeddable":true,"href":"https:\/\/politicosaldesnudo.com.mx\/index.php\/wp-json\/wp\/v2\/comments?post=78927"}],"version-history":[{"count":0,"href":"https:\/\/politicosaldesnudo.com.mx\/index.php\/wp-json\/wp\/v2\/posts\/78927\/revisions"}],"wp:featuredmedia":[{"embeddable":true,"href":"https:\/\/politicosaldesnudo.com.mx\/index.php\/wp-json\/wp\/v2\/media\/78928"}],"wp:attachment":[{"href":"https:\/\/politicosaldesnudo.com.mx\/index.php\/wp-json\/wp\/v2\/media?parent=78927"}],"wp:term":[{"taxonomy":"category","embeddable":true,"href":"https:\/\/politicosaldesnudo.com.mx\/index.php\/wp-json\/wp\/v2\/categories?post=78927"},{"taxonomy":"post_tag","embeddable":true,"href":"https:\/\/politicosaldesnudo.com.mx\/index.php\/wp-json\/wp\/v2\/tags?post=78927"}],"curies":[{"name":"wp","href":"https:\/\/api.w.org\/{rel}","templated":true}]}}