{"id":78933,"date":"2026-01-28T00:12:05","date_gmt":"2026-01-28T06:12:05","guid":{"rendered":"https:\/\/politicosaldesnudo.com.mx\/?p=78933"},"modified":"2026-01-27T22:39:10","modified_gmt":"2026-01-28T04:39:10","slug":"exportaciones-deben-ser-el-pilar-del-crecimiento-de-la-economia-mexicana-comce","status":"publish","type":"post","link":"https:\/\/politicosaldesnudo.com.mx\/index.php\/2026\/01\/28\/exportaciones-deben-ser-el-pilar-del-crecimiento-de-la-economia-mexicana-comce\/","title":{"rendered":"Exportaciones deben ser el pilar del crecimiento de la econom\u00eda mexicana: Comce"},"content":{"rendered":"<p class=\"nota-justify\">El desempe\u00f1o hist\u00f3rico de las exportaciones mexicanas en 2025 confirma su papel como uno de los principales motores estructurales de la econom\u00eda nacional, se\u00f1al\u00f3 Sergio E. Contreras P\u00e9rez, presidente ejecutivo del Consejo Empresarial Mexicano de Comercio Exterior, Inversi\u00f3n y Tecnolog\u00eda (Comce).<\/p>\n<p class=\"nota-justify\">El dirigente del organismo del sector privado consider\u00f3 que el dato anual del comercio al exterior abre una agenda clara de \u00e1reas de oportunidad para traducir esa fortaleza comercial en un mayor crecimiento econ\u00f3mico, se\u00f1al\u00f3.<\/p>\n<p class=\"nota-justify\">De acuerdo con informaci\u00f3n del Instituto Nacional de Estad\u00edstica y Geograf\u00eda (Inegi), en 2025 M\u00e9xico alcanz\u00f3 un nuevo r\u00e9cord de exportaciones totales por 664 mil 837 millones de d\u00f3lares, un incremento del 7.6 por ciento con respecto a 2024.<\/p>\n<p class=\"nota-justify\">\u201cM\u00e9xico es una potencia exportadora que ocupa papeles de liderazgo a nivel global y es el principal socio comercial de Estados Unidos. Exporta m\u00e1s de 1.26 millones de d\u00f3lares por minuto\u201d, se\u00f1al\u00f3 Contreras P\u00e9rez.<\/p>\n<p class=\"nota-justify\">Reiter\u00f3 que el pa\u00eds se posiciona entre las econom\u00edas m\u00e1s abiertas del mundo, con un comercio exterior que ya equivale al 75 por ciento del producto interno bruto (PIB), lo cual es un reflejo de una alta integraci\u00f3n en las cadenas globales de valor.<\/p>\n<p class=\"nota-justify\">Resalt\u00f3 que esta fortaleza exportadora convive con un crecimiento econ\u00f3mico moderado. Para 2025, el crecimiento del PIB se estim\u00f3 en 0.39 por ciento, lo que evidencia una brecha entre el valor del comercio exterior y su efecto multiplicador en la econom\u00eda interna.<\/p>\n<p class=\"nota-justify\">\u201cLejos de representar una contradicci\u00f3n, este escenario muestra oportunidades concretas para fortalecer el contenido nacional, los encadenamientos productivos y la generaci\u00f3n de mayor valor agregado dentro del pa\u00eds\u201d, explic\u00f3 el dirigente empresarial.<\/p>\n<p class=\"nota-justify\">El Comce destac\u00f3 que el reto a futuro consiste en convertir el liderazgo exportador en un motor m\u00e1s potente de crecimiento econ\u00f3mico sostenido.<\/p>\n<p class=\"nota-justify\">Consider\u00f3 que sectores como el automotriz, el aeroespacial, los dispositivos m\u00e9dicos, la electr\u00f3nica avanzada y la maquinaria especializada ofrecen oportunidades claras para elevar el contenido nacional, impulsar la innovaci\u00f3n y generar empleos de mayor valor agregado, replicando modelos exitosos de integraci\u00f3n productiva regional.<\/p>\n<p class=\"nota-justify\">En el contexto de la revisi\u00f3n del T-MEC prevista para este a\u00f1o, el organismo subray\u00f3 la importancia de una agenda coordinada entre sector privado y autoridades para evolucionar hacia un modelo productivo m\u00e1s integrado, innovador y competitivo. \u201cFortalecer la correlaci\u00f3n positiva entre exportaciones y crecimiento econ\u00f3mico permitir\u00e1 que M\u00e9xico no solo mantenga su posici\u00f3n como l\u00edder exportador, sino que convierta esa fortaleza en bienestar y desarrollo de largo plazo para el pa\u00eds,\u201d dijo Contreras P\u00e9rez.<\/p>\n","protected":false},"excerpt":{"rendered":"<p>El desempe\u00f1o hist\u00f3rico de las exportaciones mexicanas en 2025 confirma su papel como uno de los principales motores estructurales de<\/p>\n","protected":false},"author":4,"featured_media":78934,"comment_status":"closed","ping_status":"closed","sticky":false,"template":"","format":"standard","meta":{"colormag_page_container_layout":"default_layout","colormag_page_sidebar_layout":"default_layout","_jetpack_memberships_contains_paid_content":false,"footnotes":"","jetpack_publicize_message":"","jetpack_publicize_feature_enabled":true,"jetpack_social_post_already_shared":true,"jetpack_social_options":{"image_generator_settings":{"template":"highway","default_image_id":0,"font":"","enabled":false},"version":2}},"categories":[2050],"tags":[],"class_list":["post-78933","post","type-post","status-publish","format-standard","has-post-thumbnail","hentry","category-economia"],"jetpack_publicize_connections":[],"jetpack_featured_media_url":"https:\/\/i0.wp.com\/politicosaldesnudo.com.mx\/wp-content\/uploads\/2026\/01\/EXPO.jpg?fit=1200%2C788&ssl=1","jetpack-related-posts":[],"jetpack_sharing_enabled":true,"_links":{"self":[{"href":"https:\/\/politicosaldesnudo.com.mx\/index.php\/wp-json\/wp\/v2\/posts\/78933","targetHints":{"allow":["GET"]}}],"collection":[{"href":"https:\/\/politicosaldesnudo.com.mx\/index.php\/wp-json\/wp\/v2\/posts"}],"about":[{"href":"https:\/\/politicosaldesnudo.com.mx\/index.php\/wp-json\/wp\/v2\/types\/post"}],"author":[{"embeddable":true,"href":"https:\/\/politicosaldesnudo.com.mx\/index.php\/wp-json\/wp\/v2\/users\/4"}],"replies":[{"embeddable":true,"href":"https:\/\/politicosaldesnudo.com.mx\/index.php\/wp-json\/wp\/v2\/comments?post=78933"}],"version-history":[{"count":0,"href":"https:\/\/politicosaldesnudo.com.mx\/index.php\/wp-json\/wp\/v2\/posts\/78933\/revisions"}],"wp:featuredmedia":[{"embeddable":true,"href":"https:\/\/politicosaldesnudo.com.mx\/index.php\/wp-json\/wp\/v2\/media\/78934"}],"wp:attachment":[{"href":"https:\/\/politicosaldesnudo.com.mx\/index.php\/wp-json\/wp\/v2\/media?parent=78933"}],"wp:term":[{"taxonomy":"category","embeddable":true,"href":"https:\/\/politicosaldesnudo.com.mx\/index.php\/wp-json\/wp\/v2\/categories?post=78933"},{"taxonomy":"post_tag","embeddable":true,"href":"https:\/\/politicosaldesnudo.com.mx\/index.php\/wp-json\/wp\/v2\/tags?post=78933"}],"curies":[{"name":"wp","href":"https:\/\/api.w.org\/{rel}","templated":true}]}}