{"id":78936,"date":"2026-01-28T00:13:48","date_gmt":"2026-01-28T06:13:48","guid":{"rendered":"https:\/\/politicosaldesnudo.com.mx\/?p=78936"},"modified":"2026-01-27T22:40:58","modified_gmt":"2026-01-28T04:40:58","slug":"oaxaca-denuncia-cni-persecucion-contra-asamblea-comunitaria-de-eloxochitlan","status":"publish","type":"post","link":"https:\/\/politicosaldesnudo.com.mx\/index.php\/2026\/01\/28\/oaxaca-denuncia-cni-persecucion-contra-asamblea-comunitaria-de-eloxochitlan\/","title":{"rendered":"Oaxaca: denuncia CNI persecuci\u00f3n contra asamblea comunitaria de Eloxochitl\u00e1n"},"content":{"rendered":"<p class=\"nota-justify\">Doce a\u00f1os han transcurrido desde que se acrecentaron los ataques contra la asamblea comunitaria de Eloxochitl\u00e1n de Flores Mag\u00f3n, esto durante la administraci\u00f3n de Gabino Cu\u00e9 Monteagudo quien decidi\u00f3 proteger los intereses de los caciques de dicha comunidad ind\u00edgena de la Sierra de Flores Mag\u00f3n encabezados por Manuel Zepeda Cort\u00e9s; sin embargo y pese al cambio de gobierno, la persecuci\u00f3n contin\u00faa, denunci\u00f3 el Congreso Nacional Ind\u00edgena.<\/p>\n<p class=\"nota-justify\">A trav\u00e9s de un pronunciamiento, indicaron que esta es una localidad en la que la organizaci\u00f3n a trav\u00e9s de la asamblea comunitaria se vela por todos, por ello es que desde el a\u00f1o 2011 han mantenido una fuerte lucha para proteger el R\u00edo Xang\u00e1 Nd\u00e1 Ge, mismo que comenz\u00f3 a ser explotado para la extracci\u00f3n de materiales p\u00e9treos, esto dio pie a la persecuci\u00f3n por parte de Zepeda Cort\u00e9s y su hija, la actual diputada morenista Eliza Zepeda Lagunas.<\/p>\n<p class=\"nota-justify\">Fue en 2014 cuando cuando la persecuci\u00f3n se acrecent\u00f3, esto luego de que Manuel Zepeda decidiera atacar la asamblea comunitaria con gente armada cuando realizaban un proceso de renovaci\u00f3n anual del alcalde, cuya labor tradicional en el municipio es la de \u201cregular cuestiones de posesi\u00f3n y uso de la tierra\u201d, esto deriv\u00f3 en una trifulca en la que 10 ciudadanos fueron lesionados por disparos de arma de fuego, mientras que polic\u00edas comunitarios lograron la detenci\u00f3n de Manuel Zepeda Lagunas, hijo del cacique, quien fue presentado ante el Ministerio P\u00fablico en perfecto estado.<\/p>\n<p class=\"nota-justify\">Sin embargo, tras la entrega del detenido, los polic\u00edas fueron detenidos y al d\u00eda siguiente se dio a conocer del fallecimiento de Zepeda Lagunas, misma que no ha sido aclarada por la autoridad, los detenidos fueron acusados de asesinato y tentativa de homicidio de la ahora diputada local, Eliza Zepeda, en ese entonces se acus\u00f3 a 36 personas; no obstante las acusaciones en diversas ordenes de aprehensi\u00f3n alcanz\u00f3 hasta a 50 personas entre hombres y mujeres, todo bajo el velo protector del estado.<\/p>\n<p class=\"nota-justify\">Desde entones se\u00f1ala el CNI \u201chan vivido la represi\u00f3n estatal a partir de la fabricaci\u00f3n de diversos delitos de alto impacto y han vivido prisi\u00f3n pol\u00edtica, desplazamiento forzado, persecuci\u00f3n, tortura, detenciones arbitrarias, y violencia contra mujeres, ni\u00f1as y ni\u00f1os\u201d; esto dio pie a una nueva lucha en la que las mujeres de esta comunidad hicieron frente a la criminalizaci\u00f3n, venciendo repetidamente un entramado en el que agentes, ministerios p\u00fablicos y jueces han trabajado en su contra.<\/p>\n<p class=\"nota-justify\">A trav\u00e9s de los a\u00f1os destacaron, \u201chan ido ganando la libertad de sus presos pol\u00edticos y el retorno de varias familias desplazadas; logrando las \u00faltimas liberaciones, tras m\u00e1s de 9 a\u00f1os de prisi\u00f3n preventiva, en junio del a\u00f1o 2024\u201d, n obstante y pese a que se ha demostrado repetidamente que los delitos que se les han acusado han sido fabricados, contin\u00faa siendo utilizado el \u201csistema judicial como instrumento de tortura, para mantenerla en persecuci\u00f3n pese a haber ganado la mayor\u00eda de las libertades en todos sus procesos\u201d, denunciaron.<\/p>\n<p class=\"nota-justify\">Y es que a\u00f1adieron, jueces del Tribunal Superior de Justicia del Estado de Oaxaca ha realizado \u201crevocaciones ilegales\u201d denunciaron, pues se han pasado por alto las resoluciones emitidas por \u00f3rganos de mayor envergadura.<\/p>\n<p class=\"nota-justify\">Ante esta situaci\u00f3n demandaron \u201ca libertad absolutoria para Miguel \u00c1ngel Peralta Betanzos, defensor comunitario sentenciado injustamente a 50 a\u00f1os de prisi\u00f3n y actualmente exiliado de su comunidad. El \u00faltimo recurso legal disponible para recuperar su libertad est\u00e1 por resolverse\u201d.<\/p>\n<p class=\"nota-justify\">Adem\u00e1s de que se otorgue el amparo que permita \u201cel regreso en libertad a su comunidad, tras m\u00e1s de diez a\u00f1os de desplazamiento forzado, de 14 compa\u00f1eros y sus familias: Ranulfo Vidauria, Jaime Vidauria, Artemio Vidauria, Jacob Betanzos, Lucio Rosales, Rogelio L\u00f3pez, Wilfrido Salazar, Jorge Betanzos, Rub\u00e9n Cerqueda, Francisco Jorge Betanzos, Carlos Pachecho, Omar Hugo Morales, Isa\u00edas Gallardo y Braulio Cerqueda\u201d.<\/p>\n<p class=\"nota-justify\">As\u00ed tambi\u00e9n la cancelaci\u00f3n de las \u00f3rdenes de aprehensi\u00f3n existentes en contra Martha, Alicia, Br\u00edgida, Eusebia, Hilda, Teresa y Refugia; \u201cy de 200 \u00f3rdenes de aprehensi\u00f3n en contra de 56 comuneros que alevosamente fueron reactivadas en marzo de este a\u00f1o\u201d.<\/p>\n","protected":false},"excerpt":{"rendered":"<p>Doce a\u00f1os han transcurrido desde que se acrecentaron los ataques contra la asamblea comunitaria de Eloxochitl\u00e1n de Flores Mag\u00f3n, esto<\/p>\n","protected":false},"author":4,"featured_media":78937,"comment_status":"closed","ping_status":"closed","sticky":false,"template":"","format":"standard","meta":{"colormag_page_container_layout":"default_layout","colormag_page_sidebar_layout":"default_layout","_jetpack_memberships_contains_paid_content":false,"footnotes":"","jetpack_publicize_message":"","jetpack_publicize_feature_enabled":true,"jetpack_social_post_already_shared":true,"jetpack_social_options":{"image_generator_settings":{"template":"highway","default_image_id":0,"font":"","enabled":false},"version":2}},"categories":[30],"tags":[],"class_list":["post-78936","post","type-post","status-publish","format-standard","has-post-thumbnail","hentry","category-estados"],"jetpack_publicize_connections":[],"jetpack_featured_media_url":"https:\/\/i0.wp.com\/politicosaldesnudo.com.mx\/wp-content\/uploads\/2026\/01\/PERSE.jpg?fit=1200%2C853&ssl=1","jetpack-related-posts":[],"jetpack_sharing_enabled":true,"_links":{"self":[{"href":"https:\/\/politicosaldesnudo.com.mx\/index.php\/wp-json\/wp\/v2\/posts\/78936","targetHints":{"allow":["GET"]}}],"collection":[{"href":"https:\/\/politicosaldesnudo.com.mx\/index.php\/wp-json\/wp\/v2\/posts"}],"about":[{"href":"https:\/\/politicosaldesnudo.com.mx\/index.php\/wp-json\/wp\/v2\/types\/post"}],"author":[{"embeddable":true,"href":"https:\/\/politicosaldesnudo.com.mx\/index.php\/wp-json\/wp\/v2\/users\/4"}],"replies":[{"embeddable":true,"href":"https:\/\/politicosaldesnudo.com.mx\/index.php\/wp-json\/wp\/v2\/comments?post=78936"}],"version-history":[{"count":0,"href":"https:\/\/politicosaldesnudo.com.mx\/index.php\/wp-json\/wp\/v2\/posts\/78936\/revisions"}],"wp:featuredmedia":[{"embeddable":true,"href":"https:\/\/politicosaldesnudo.com.mx\/index.php\/wp-json\/wp\/v2\/media\/78937"}],"wp:attachment":[{"href":"https:\/\/politicosaldesnudo.com.mx\/index.php\/wp-json\/wp\/v2\/media?parent=78936"}],"wp:term":[{"taxonomy":"category","embeddable":true,"href":"https:\/\/politicosaldesnudo.com.mx\/index.php\/wp-json\/wp\/v2\/categories?post=78936"},{"taxonomy":"post_tag","embeddable":true,"href":"https:\/\/politicosaldesnudo.com.mx\/index.php\/wp-json\/wp\/v2\/tags?post=78936"}],"curies":[{"name":"wp","href":"https:\/\/api.w.org\/{rel}","templated":true}]}}