{"id":78939,"date":"2026-01-28T00:14:25","date_gmt":"2026-01-28T06:14:25","guid":{"rendered":"https:\/\/politicosaldesnudo.com.mx\/?p=78939"},"modified":"2026-01-27T22:42:29","modified_gmt":"2026-01-28T04:42:29","slug":"detectan-narcopaginas-que-difunden-desinformacion-sobre-seguridad-en-chiapas","status":"publish","type":"post","link":"https:\/\/politicosaldesnudo.com.mx\/index.php\/2026\/01\/28\/detectan-narcopaginas-que-difunden-desinformacion-sobre-seguridad-en-chiapas\/","title":{"rendered":"Detectan \u201cnarcop\u00e1ginas\u201d que difunden desinformaci\u00f3n sobre seguridad en Chiapas"},"content":{"rendered":"<p class=\"nota-justify\">El secretario de Seguridad del Pueblo (SSP), \u00d3scar Alberto Aparicio Avenda\u00f1o, inform\u00f3 que a trav\u00e9s de la Guardia Estatal Cibern\u00e9tica, se han detectado \u201cp\u00e1ginas an\u00f3nimas en redes sociales, conocidas como \u2018narcop\u00e1ginas\u2019, que difunden informaci\u00f3n falsa y tendenciosa con la intenci\u00f3n de desinformar y desacreditar el trabajo que realizan las instituciones de seguridad en Chiapas\u201d.<\/p>\n<p class=\"nota-justify\">Mediante un comunicado explic\u00f3 que \u201ceste tipo de contenidos carecen de sustento oficial y forman parte de estrategias de desinformaci\u00f3n que buscan generar confusi\u00f3n, temor y desconfianza entre la poblaci\u00f3n, sin reflejar la realidad de las acciones que diariamente se llevan a cabo para garantizar la seguridad y la paz en el estado\u201d.<\/p>\n<p class=\"nota-justify\">Aparicio Avenda\u00f1o hizo un llamado a la ciudadan\u00eda a \u201cno compartir informaci\u00f3n falsa y mantenerse informada \u00fanicamente a trav\u00e9s de las p\u00e1ginas oficiales del gobierno del estado\u201d.<\/p>\n<p class=\"nota-justify\">Afirm\u00f3 que \u201cno se permitir\u00e1 que denoste el trabajo institucional ni el esfuerzo de las y los elementos que diariamente arriesgan su vida por la seguridad de las familias chiapanecas y se continuar\u00e1 actuando con firmeza, legalidad y transparencia\u201d.Reiter\u00f3 que el trabajo en materia de seguridad se desarrolla \u201cbajo la visi\u00f3n del gobernador Eduardo Ram\u00edrez Aguilar y de manera coordinada con autoridades de los tres \u00f3rdenes de gobierno, bajo una estrategia integral que ha permitido avances significativos en el fortalecimiento de la seguridad p\u00fablica\u201d.<\/p>\n","protected":false},"excerpt":{"rendered":"<p>El secretario de Seguridad del Pueblo (SSP), \u00d3scar Alberto Aparicio Avenda\u00f1o, inform\u00f3 que a trav\u00e9s de la Guardia Estatal Cibern\u00e9tica,<\/p>\n","protected":false},"author":4,"featured_media":78940,"comment_status":"closed","ping_status":"closed","sticky":false,"template":"","format":"standard","meta":{"colormag_page_container_layout":"default_layout","colormag_page_sidebar_layout":"default_layout","_jetpack_memberships_contains_paid_content":false,"footnotes":"","jetpack_publicize_message":"","jetpack_publicize_feature_enabled":true,"jetpack_social_post_already_shared":true,"jetpack_social_options":{"image_generator_settings":{"template":"highway","default_image_id":0,"font":"","enabled":false},"version":2}},"categories":[30],"tags":[],"class_list":["post-78939","post","type-post","status-publish","format-standard","has-post-thumbnail","hentry","category-estados"],"jetpack_publicize_connections":[],"jetpack_featured_media_url":"https:\/\/i0.wp.com\/politicosaldesnudo.com.mx\/wp-content\/uploads\/2026\/01\/CARDEPE.jpg?fit=1200%2C934&ssl=1","jetpack-related-posts":[],"jetpack_sharing_enabled":true,"_links":{"self":[{"href":"https:\/\/politicosaldesnudo.com.mx\/index.php\/wp-json\/wp\/v2\/posts\/78939","targetHints":{"allow":["GET"]}}],"collection":[{"href":"https:\/\/politicosaldesnudo.com.mx\/index.php\/wp-json\/wp\/v2\/posts"}],"about":[{"href":"https:\/\/politicosaldesnudo.com.mx\/index.php\/wp-json\/wp\/v2\/types\/post"}],"author":[{"embeddable":true,"href":"https:\/\/politicosaldesnudo.com.mx\/index.php\/wp-json\/wp\/v2\/users\/4"}],"replies":[{"embeddable":true,"href":"https:\/\/politicosaldesnudo.com.mx\/index.php\/wp-json\/wp\/v2\/comments?post=78939"}],"version-history":[{"count":0,"href":"https:\/\/politicosaldesnudo.com.mx\/index.php\/wp-json\/wp\/v2\/posts\/78939\/revisions"}],"wp:featuredmedia":[{"embeddable":true,"href":"https:\/\/politicosaldesnudo.com.mx\/index.php\/wp-json\/wp\/v2\/media\/78940"}],"wp:attachment":[{"href":"https:\/\/politicosaldesnudo.com.mx\/index.php\/wp-json\/wp\/v2\/media?parent=78939"}],"wp:term":[{"taxonomy":"category","embeddable":true,"href":"https:\/\/politicosaldesnudo.com.mx\/index.php\/wp-json\/wp\/v2\/categories?post=78939"},{"taxonomy":"post_tag","embeddable":true,"href":"https:\/\/politicosaldesnudo.com.mx\/index.php\/wp-json\/wp\/v2\/tags?post=78939"}],"curies":[{"name":"wp","href":"https:\/\/api.w.org\/{rel}","templated":true}]}}