{"id":78954,"date":"2026-01-28T00:19:44","date_gmt":"2026-01-28T06:19:44","guid":{"rendered":"https:\/\/politicosaldesnudo.com.mx\/?p=78954"},"modified":"2026-01-27T22:51:54","modified_gmt":"2026-01-28T04:51:54","slug":"trump-respalda-el-muy-buen-trabajo-de-kristi-noem-tras-otro-asesinato-en-minesota","status":"publish","type":"post","link":"https:\/\/politicosaldesnudo.com.mx\/index.php\/2026\/01\/28\/trump-respalda-el-muy-buen-trabajo-de-kristi-noem-tras-otro-asesinato-en-minesota\/","title":{"rendered":"Trump respalda el \u00abmuy buen trabajo\u00bb de Kristi Noem tras otro asesinato en Minesota"},"content":{"rendered":"<p class=\"nota-justify\">El presidente Donald Trump afirm\u00f3 su apoyo a la secretaria del Departamento de Seguridad Nacional (DHS, por sus siglas en ingl\u00e9s), Kristi Noem, a pesar de que algunos legisladores pidieron su despido despu\u00e9s de que agentes del Servicio de Inmigraci\u00f3n y Control de Aduanas (ICE por su siglas en ingl\u00e9s) mataran a otra persona en Minesota .<\/p>\n<p class=\"nota-justify\">\u00abCreo que est\u00e1 haciendo un muy buen trabajo la frontera es totalmente segura. Olvidan que ten\u00edamos una frontera que hered\u00e9 por donde pasaban millones de personas. Ahora tenemos una frontera por la que no pasa nadie\u00bb, declar\u00f3 Trump a los periodistas este martes por la tarde cuando se le pregunt\u00f3 si Noem renunciar\u00eda como resultado de la violencia surgida por los enfrentamientos de manifestantes con agentes federales en Minesota.<\/p>\n<p class=\"nota-justify\">El mandatario destac\u00f3 que: \u00abno puedes tener armas, no puedes caminar con armas, no puedes hacerlo, pero es un incidente desafortunado\u00bb, al referirse a Pretti, y a\u00f1adi\u00f3 est\u00e1 \u201canalizando toda esta situaci\u00f3n\u2026 Amo a todo el mundo. Amo a toda nuestra gente. Amo a su familia. Y es una situaci\u00f3n muy triste\u201d.<\/p>\n<p class=\"nota-justify\">Trump asegur\u00f3 que su administraci\u00f3n est\u00e1 realizando una gran investigaci\u00f3n: \u201cQuiero verla. Voy a estar pendiente de ella. Quiero una investigaci\u00f3n muy honorable y honesta; tengo que verla yo mismo\u201d, declar\u00f3 a los periodistas.<\/p>\n<p class=\"nota-justify\">Despu\u00e9s de que agentes federales mataran a Alex Pretti, de 37 a\u00f1os, durante una protesta durante el fin de semana, la administraci\u00f3n destituy\u00f3 al comandante de la Patrulla Fronteriza, Gregory Bovino, de su puesto de supervisi\u00f3n de la aplicaci\u00f3n de la ley de inmigraci\u00f3n en Minesota.<\/p>\n","protected":false},"excerpt":{"rendered":"<p>El presidente Donald Trump afirm\u00f3 su apoyo a la secretaria del Departamento de Seguridad Nacional (DHS, por sus siglas en<\/p>\n","protected":false},"author":4,"featured_media":78955,"comment_status":"closed","ping_status":"closed","sticky":false,"template":"","format":"standard","meta":{"colormag_page_container_layout":"default_layout","colormag_page_sidebar_layout":"default_layout","_jetpack_memberships_contains_paid_content":false,"footnotes":"","jetpack_publicize_message":"","jetpack_publicize_feature_enabled":true,"jetpack_social_post_already_shared":true,"jetpack_social_options":{"image_generator_settings":{"template":"highway","default_image_id":0,"font":"","enabled":false},"version":2}},"categories":[28],"tags":[],"class_list":["post-78954","post","type-post","status-publish","format-standard","has-post-thumbnail","hentry","category-internacional"],"jetpack_publicize_connections":[],"jetpack_featured_media_url":"https:\/\/i0.wp.com\/politicosaldesnudo.com.mx\/wp-content\/uploads\/2026\/01\/PSLCU.jpg?fit=1200%2C800&ssl=1","jetpack-related-posts":[],"jetpack_sharing_enabled":true,"_links":{"self":[{"href":"https:\/\/politicosaldesnudo.com.mx\/index.php\/wp-json\/wp\/v2\/posts\/78954","targetHints":{"allow":["GET"]}}],"collection":[{"href":"https:\/\/politicosaldesnudo.com.mx\/index.php\/wp-json\/wp\/v2\/posts"}],"about":[{"href":"https:\/\/politicosaldesnudo.com.mx\/index.php\/wp-json\/wp\/v2\/types\/post"}],"author":[{"embeddable":true,"href":"https:\/\/politicosaldesnudo.com.mx\/index.php\/wp-json\/wp\/v2\/users\/4"}],"replies":[{"embeddable":true,"href":"https:\/\/politicosaldesnudo.com.mx\/index.php\/wp-json\/wp\/v2\/comments?post=78954"}],"version-history":[{"count":0,"href":"https:\/\/politicosaldesnudo.com.mx\/index.php\/wp-json\/wp\/v2\/posts\/78954\/revisions"}],"wp:featuredmedia":[{"embeddable":true,"href":"https:\/\/politicosaldesnudo.com.mx\/index.php\/wp-json\/wp\/v2\/media\/78955"}],"wp:attachment":[{"href":"https:\/\/politicosaldesnudo.com.mx\/index.php\/wp-json\/wp\/v2\/media?parent=78954"}],"wp:term":[{"taxonomy":"category","embeddable":true,"href":"https:\/\/politicosaldesnudo.com.mx\/index.php\/wp-json\/wp\/v2\/categories?post=78954"},{"taxonomy":"post_tag","embeddable":true,"href":"https:\/\/politicosaldesnudo.com.mx\/index.php\/wp-json\/wp\/v2\/tags?post=78954"}],"curies":[{"name":"wp","href":"https:\/\/api.w.org\/{rel}","templated":true}]}}