{"id":78957,"date":"2026-01-28T00:20:10","date_gmt":"2026-01-28T06:20:10","guid":{"rendered":"https:\/\/politicosaldesnudo.com.mx\/?p=78957"},"modified":"2026-01-27T22:55:18","modified_gmt":"2026-01-28T04:55:18","slug":"gobierno-espanol-aprueba-por-decreto-regularizacion-de-500-mil-migrantes","status":"publish","type":"post","link":"https:\/\/politicosaldesnudo.com.mx\/index.php\/2026\/01\/28\/gobierno-espanol-aprueba-por-decreto-regularizacion-de-500-mil-migrantes\/","title":{"rendered":"Gobierno espa\u00f1ol aprueba por decreto regularizaci\u00f3n de 500 mil migrantes"},"content":{"rendered":"<p class=\"nota-justify\">El gobierno espa\u00f1ol, presidido por el socialista Pedro S\u00e1nchez, aprob\u00f3 finalmente la regularizaci\u00f3n de alrededor de 500 mil personas, migrantes en situaci\u00f3n administrativa opaca, que tan s\u00f3lo tendr\u00e1n que acreditar su residencia en el pa\u00eds de m\u00e1s de cinco meses y no tener antecedentes penales. La medida ya hab\u00eda sido anunciada hace algo m\u00e1s de dos a\u00f1os y medio, para lo que incluso se present\u00f3 una iniciativa parlamentaria que se congel\u00f3 en el magma burocr\u00e1tico del Congreso de los Diputados, con lo que ahora el Ejecutivo decidi\u00f3 aprobarla por decreto y previo pacto con la formaci\u00f3n de izquierda Podemos, actualmente fuera de la coalici\u00f3n de gobierno.<\/p>\n<p class=\"nota-justify\">Se calcula que en Espa\u00f1a hay alrededor de 840 mil migrantes en situaci\u00f3n irregular, seg\u00fan la Fundaci\u00f3n de Cajas de Ahorro (Funcas), que cada a\u00f1o elabora un informe exhaustivo sobre el fen\u00f3meno de la migraci\u00f3n en el pa\u00eds y de la movilidad de los ciudadanos extranjeros, que actualmente se calcula que residen en el pa\u00eds m\u00e1s de cuatro millones 100 mil. El plan del gobierno espa\u00f1ol es que al menos 500 mil se beneficien del decreto ley, que les permitir\u00e1 as\u00ed regularizar sus papeles, ya que la mayor\u00eda de ellos ya est\u00e1n inmersos en el sistema productivo y en puestos de trabajo irregulares que favorecen la explotaci\u00f3n y los bajos salarios.<\/p>\n<p class=\"nota-justify\">El decreto ley es fruto de las presiones de Podemos, el partido que lidera actualmente la diputada Ione Belarra y la eurodiputada Irene Montero, y que actualmente tiene cuatro parlamentarios en el Congreso y forma parte del Grupo Mixto, al no tener la representatividad suficiente para tener un grupo propio. La formaci\u00f3n morada convirti\u00f3 el asunto de la regularizaci\u00f3n de migrantes en uno de los pilares de su agenda, al tiempo que actual coalici\u00f3n de gobierno, integrada por el Partido Socialista Obrero Espa\u00f1ol (PSOE) y Sumar fueron posponiendo la medida y no la impulsaron en las cortes.<\/p>\n<p class=\"nota-justify\">La iniciativa permitir\u00e1 que los migrantes en situaci\u00f3n irregular puedan presentar sus solicitudes a partir de abril y hasta el 30 de junio, y una vez formalizada la respuesta por parte de la administraci\u00f3n \u201cdeber\u00e1 llegar en menos de tres meses\u201d. La obtenci\u00f3n de la residencia viene aparejada con el permiso de trabajo, que no de la nacionalidad espa\u00f1ola, una vez que para eso tendr\u00e1n que cumplir la normativa al respecto.<\/p>\n<p class=\"nota-justify\">A lo largo de la historia reciente, en Espa\u00f1a se han llevado a cabo hasta cuatro regularizaciones masivas de migrantes en situaci\u00f3n irregular: la primera bajo la presidencia del socialista Felipe Gonz\u00e1lez, la segunda cuando gobernaba el pa\u00eds el derechista Jos\u00e9 Mar\u00eda Aznar y la \u00faltima, antes de la actual, en el 2005, bajo el mandato del tambi\u00e9n socialista Jos\u00e9 Luis Rodr\u00edguez Zapatero.<\/p>\n","protected":false},"excerpt":{"rendered":"<p>El gobierno espa\u00f1ol, presidido por el socialista Pedro S\u00e1nchez, aprob\u00f3 finalmente la regularizaci\u00f3n de alrededor de 500 mil personas, migrantes<\/p>\n","protected":false},"author":4,"featured_media":78958,"comment_status":"closed","ping_status":"closed","sticky":false,"template":"","format":"standard","meta":{"colormag_page_container_layout":"default_layout","colormag_page_sidebar_layout":"default_layout","_jetpack_memberships_contains_paid_content":false,"footnotes":"","jetpack_publicize_message":"","jetpack_publicize_feature_enabled":true,"jetpack_social_post_already_shared":true,"jetpack_social_options":{"image_generator_settings":{"template":"highway","default_image_id":0,"font":"","enabled":false},"version":2}},"categories":[28],"tags":[],"class_list":["post-78957","post","type-post","status-publish","format-standard","has-post-thumbnail","hentry","category-internacional"],"jetpack_publicize_connections":[],"jetpack_featured_media_url":"https:\/\/i0.wp.com\/politicosaldesnudo.com.mx\/wp-content\/uploads\/2026\/01\/TAMBO.jpg?fit=1200%2C800&ssl=1","jetpack-related-posts":[],"jetpack_sharing_enabled":true,"_links":{"self":[{"href":"https:\/\/politicosaldesnudo.com.mx\/index.php\/wp-json\/wp\/v2\/posts\/78957","targetHints":{"allow":["GET"]}}],"collection":[{"href":"https:\/\/politicosaldesnudo.com.mx\/index.php\/wp-json\/wp\/v2\/posts"}],"about":[{"href":"https:\/\/politicosaldesnudo.com.mx\/index.php\/wp-json\/wp\/v2\/types\/post"}],"author":[{"embeddable":true,"href":"https:\/\/politicosaldesnudo.com.mx\/index.php\/wp-json\/wp\/v2\/users\/4"}],"replies":[{"embeddable":true,"href":"https:\/\/politicosaldesnudo.com.mx\/index.php\/wp-json\/wp\/v2\/comments?post=78957"}],"version-history":[{"count":0,"href":"https:\/\/politicosaldesnudo.com.mx\/index.php\/wp-json\/wp\/v2\/posts\/78957\/revisions"}],"wp:featuredmedia":[{"embeddable":true,"href":"https:\/\/politicosaldesnudo.com.mx\/index.php\/wp-json\/wp\/v2\/media\/78958"}],"wp:attachment":[{"href":"https:\/\/politicosaldesnudo.com.mx\/index.php\/wp-json\/wp\/v2\/media?parent=78957"}],"wp:term":[{"taxonomy":"category","embeddable":true,"href":"https:\/\/politicosaldesnudo.com.mx\/index.php\/wp-json\/wp\/v2\/categories?post=78957"},{"taxonomy":"post_tag","embeddable":true,"href":"https:\/\/politicosaldesnudo.com.mx\/index.php\/wp-json\/wp\/v2\/tags?post=78957"}],"curies":[{"name":"wp","href":"https:\/\/api.w.org\/{rel}","templated":true}]}}