{"id":78967,"date":"2026-01-27T23:07:34","date_gmt":"2026-01-28T05:07:34","guid":{"rendered":"https:\/\/politicosaldesnudo.com.mx\/?p=78967"},"modified":"2026-01-27T23:07:34","modified_gmt":"2026-01-28T05:07:34","slug":"el-precio-de-la-negligencia","status":"publish","type":"post","link":"https:\/\/politicosaldesnudo.com.mx\/index.php\/2026\/01\/27\/el-precio-de-la-negligencia\/","title":{"rendered":"El precio de la negligencia"},"content":{"rendered":"<p>Desde finales del a\u00f1o pasado, M\u00e9xico enfrenta un brote de sarampi\u00f3n que acumula ya m\u00e1s de siete mil 400 casos confirmados y contabiliza al menos 24 muertes. Hablamos de una enfermedad que hab\u00eda sido declarada eliminada en el continente americano desde 2016 y que diez a\u00f1os despu\u00e9s, siete con la \u201c4t\u201d gobernando el pa\u00eds, ha resurgido.<\/p>\n<p>El brote de sarampi\u00f3n en M\u00e9xico es un s\u00edntoma de una crisis que s\u00ed pod\u00eda saberse: la erosi\u00f3n de la pol\u00edtica p\u00fablica de vacunaci\u00f3n y la negligencia gubernamental en garantizar el acceso universal a la salud. En Veracruz, con dos casos confirmados oficialmente en Xalapa, tambi\u00e9n se abri\u00f3 la puerta al regreso de una enfermedad que estaba erradicada.<\/p>\n<p>El discurso oficial sostiene que M\u00e9xico cuenta con m\u00e1s de 23 millones de dosis disponibles de la vacuna triple viral. Sin embargo, la realidad en los centros de salud contradice, como suele, los \u201cotros datos\u201d: padres de familia reportan desabasto, largas filas y brigadas improvisadas que no alcanzan a cubrir a toda la poblaci\u00f3n.<\/p>\n<p>La crisis no se explica \u00fanicamente por la falta de vacunas, sino por la desarticulaci\u00f3n de la pol\u00edtica de salud. Desde 2019, el gobierno de Andr\u00e9s Manuel L\u00f3pez Obrador redujo la inversi\u00f3n en campa\u00f1as de vacunaci\u00f3n masiva, apostando por una estrategia que fracas\u00f3 y que la pandemia del covid-19 agrav\u00f3, pues miles de ni\u00f1os quedaron sin recibir sus dosis de refuerzo, rompiendo con d\u00e9cadas de un manejo eficiente y reconocido de sus campa\u00f1as de vacunaci\u00f3n.<\/p>\n<p>La negligencia se refleja tambi\u00e9n en una planeaci\u00f3n deficiente, pues la compra de vacunas se ha realizado de manera tard\u00eda y sin garantizar distribuci\u00f3n equitativa; en el desmantelamiento institucional, con la desaparici\u00f3n del Seguro Popular y la transici\u00f3n fallida al Insabi, que fue devastadora para la cobertura de salud preventiva; y la narrativa del \u201cno pasa nada\u201d, mientras las cifras de contagios aumentan y las autoridades insisten en que \u201chay vacunas suficientes\u201d, minimizando el riesgo real.<\/p>\n<p>En el estado de Veracruz, donde de por s\u00ed los servicios de salud est\u00e1n para llorar por el descomunal saqueo que han sufrido desde hace varios sexenios, el brote se materializ\u00f3 con dos casos confirmados en Xalapa, uno de los cuales, un menor de edad, expone la vulnerabilidad de los ni\u00f1os sin esquema completo de vacunaci\u00f3n, uno de los peores \u201clegados\u201d de L\u00f3pez Obrador.<\/p>\n<p>La entidad ahora enfrenta el desaf\u00edo de contener la propagaci\u00f3n en un contexto de infraestructura limitada y alta densidad poblacional. Y aunque la gobernadora Roc\u00edo Nahle se ufana de que \u201cno vamos a reaccionar tarde, vamos a prevenir\u201d, la realidad es que ya reaccion\u00f3 tarde: lanz\u00f3 una campa\u00f1a de vacunaci\u00f3n apenas este fin de semana, todav\u00eda con un caso reconocido oficialmente y 21 catalogados como \u201cposibles\u201d. Y no hay certeza de que tengan suficientes vacunas.<\/p>\n<p>M\u00e9xico fue pionero en campa\u00f1as de vacunaci\u00f3n masiva en los a\u00f1os 90 y 2000. La Semana Nacional de Salud garantizaba que millones de ni\u00f1os recibieran sus dosis en escuelas y centros comunitarios. Hoy, esas campa\u00f1as han sido sustituidas por operativos improvisados, sin continuidad ni cobertura universal, o con \u201ccamionetitas\u201d.<\/p>\n<p>La negligencia tiene consecuencias: hasta ahora se registran 24 defunciones por este brote de sarampi\u00f3n en el pa\u00eds desde finales de 2025, lo que marca un retroceso hist\u00f3rico y criminal. El gobierno federal ha intentado justificar el brote como parte de un fen\u00f3meno internacional. Y hasta le echa la culpa a los \u201cantivacunas\u201d, que si bien tienen una responsabilidad ante sus comunidades, no exime la de las autoridades.<\/p>\n<p>Este brote de sarampi\u00f3n es adem\u00e1s la antesala de un escenario en el que otras enfermedades que se consideraban controladas pueden regresar, como poliomielitis, rub\u00e9ola y tos ferina. De la \u00faltima ya se han registrado casos recientemente.<\/p>\n<p>La negligencia suele cobrar un precio muy alto. Y cuando se incurre en \u00e9sta en el sector de la salud, se contabiliza con vidas. La pandemia deber\u00eda hab\u00e9rnoslo ense\u00f1ado.<\/p>\n<p><img data-recalc-dims=\"1\" loading=\"lazy\" decoding=\"async\" class=\"aligncenter size-full wp-image-78961\" src=\"https:\/\/i0.wp.com\/politicosaldesnudo.com.mx\/wp-content\/uploads\/2026\/01\/FIRMA-EDITORIAL-PD-7.jpg?resize=800%2C98&#038;ssl=1\" alt=\"\" width=\"800\" height=\"98\" srcset=\"https:\/\/i0.wp.com\/politicosaldesnudo.com.mx\/wp-content\/uploads\/2026\/01\/FIRMA-EDITORIAL-PD-7.jpg?w=1024&amp;ssl=1 1024w, https:\/\/i0.wp.com\/politicosaldesnudo.com.mx\/wp-content\/uploads\/2026\/01\/FIRMA-EDITORIAL-PD-7.jpg?resize=300%2C37&amp;ssl=1 300w, https:\/\/i0.wp.com\/politicosaldesnudo.com.mx\/wp-content\/uploads\/2026\/01\/FIRMA-EDITORIAL-PD-7.jpg?resize=768%2C94&amp;ssl=1 768w\" sizes=\"auto, (max-width: 800px) 100vw, 800px\" \/><\/p>\n","protected":false},"excerpt":{"rendered":"<p>Desde finales del a\u00f1o pasado, M\u00e9xico enfrenta un brote de sarampi\u00f3n que acumula ya m\u00e1s de siete mil 400 casos<\/p>\n","protected":false},"author":4,"featured_media":78325,"comment_status":"closed","ping_status":"closed","sticky":false,"template":"","format":"standard","meta":{"colormag_page_container_layout":"default_layout","colormag_page_sidebar_layout":"default_layout","_jetpack_memberships_contains_paid_content":false,"footnotes":"","jetpack_publicize_message":"","jetpack_publicize_feature_enabled":true,"jetpack_social_post_already_shared":true,"jetpack_social_options":{"image_generator_settings":{"template":"highway","default_image_id":0,"font":"","enabled":false},"version":2}},"categories":[26],"tags":[],"class_list":["post-78967","post","type-post","status-publish","format-standard","has-post-thumbnail","hentry","category-columnistas"],"jetpack_publicize_connections":[],"jetpack_featured_media_url":"https:\/\/i0.wp.com\/politicosaldesnudo.com.mx\/wp-content\/uploads\/2026\/01\/AURELIO-CONTRERAS.jpg?fit=800%2C445&ssl=1","jetpack-related-posts":[],"jetpack_sharing_enabled":true,"_links":{"self":[{"href":"https:\/\/politicosaldesnudo.com.mx\/index.php\/wp-json\/wp\/v2\/posts\/78967","targetHints":{"allow":["GET"]}}],"collection":[{"href":"https:\/\/politicosaldesnudo.com.mx\/index.php\/wp-json\/wp\/v2\/posts"}],"about":[{"href":"https:\/\/politicosaldesnudo.com.mx\/index.php\/wp-json\/wp\/v2\/types\/post"}],"author":[{"embeddable":true,"href":"https:\/\/politicosaldesnudo.com.mx\/index.php\/wp-json\/wp\/v2\/users\/4"}],"replies":[{"embeddable":true,"href":"https:\/\/politicosaldesnudo.com.mx\/index.php\/wp-json\/wp\/v2\/comments?post=78967"}],"version-history":[{"count":0,"href":"https:\/\/politicosaldesnudo.com.mx\/index.php\/wp-json\/wp\/v2\/posts\/78967\/revisions"}],"wp:featuredmedia":[{"embeddable":true,"href":"https:\/\/politicosaldesnudo.com.mx\/index.php\/wp-json\/wp\/v2\/media\/78325"}],"wp:attachment":[{"href":"https:\/\/politicosaldesnudo.com.mx\/index.php\/wp-json\/wp\/v2\/media?parent=78967"}],"wp:term":[{"taxonomy":"category","embeddable":true,"href":"https:\/\/politicosaldesnudo.com.mx\/index.php\/wp-json\/wp\/v2\/categories?post=78967"},{"taxonomy":"post_tag","embeddable":true,"href":"https:\/\/politicosaldesnudo.com.mx\/index.php\/wp-json\/wp\/v2\/tags?post=78967"}],"curies":[{"name":"wp","href":"https:\/\/api.w.org\/{rel}","templated":true}]}}