{"id":78969,"date":"2026-01-28T00:00:28","date_gmt":"2026-01-28T06:00:28","guid":{"rendered":"https:\/\/politicosaldesnudo.com.mx\/?p=78969"},"modified":"2026-01-27T23:25:57","modified_gmt":"2026-01-28T05:25:57","slug":"la-vieja-corte-de-justicia-de-la-nacion-que-claudia-sheinbaum-corrigio","status":"publish","type":"post","link":"https:\/\/politicosaldesnudo.com.mx\/index.php\/2026\/01\/28\/la-vieja-corte-de-justicia-de-la-nacion-que-claudia-sheinbaum-corrigio\/","title":{"rendered":"La vieja Corte de Justicia de la Naci\u00f3n que Claudia Sheinbaum corrigi\u00f3"},"content":{"rendered":"<p><span style=\"font-family: arial, helvetica, sans-serif; font-size: 18pt;\"><strong>ALMA GRANDE<\/strong><\/span><\/p>\n<p><span style=\"font-family: arial, helvetica, sans-serif; font-size: 18pt;\"><strong>Por \u00c1ngel \u00c1lvaro Pe\u00f1a<\/strong><\/span><\/p>\n<p><span style=\"font-family: arial, helvetica, sans-serif; font-size: 14pt;\">La discusi\u00f3n p\u00fablica en torno a la reforma judicial ha estado cargada de ruido, resistencia y desinformaci\u00f3n. Sin embargo, la presidenta Claudia Sheinbaum ha optado por un camino poco frecuente desde el poder: poner los datos sobre la mesa y dejar que la realidad hable. En la conferencia matutina expuso con claridad los beneficios, lujos y excesos que durante a\u00f1os caracterizaron a la vieja Suprema Corte de Justicia de la Naci\u00f3n (SCJN), evidenciando por qu\u00e9 la reforma judicial no s\u00f3lo es necesaria, sino un paso hist\u00f3rico para el pa\u00eds.<\/span><\/p>\n<p><span style=\"font-family: arial, helvetica, sans-serif; font-size: 14pt;\">Lejos del estruendo pol\u00edtico, Sheinbaum recurri\u00f3 a cifras oficiales y a un contraste directo entre el \u201cantes\u201d y el \u201cdespu\u00e9s\u201d. Mientras hoy algunos sectores denuncian supuestos ataques a la autonom\u00eda judicial, durante d\u00e9cadas se normaliz\u00f3 un sistema de privilegios ajeno a la impartici\u00f3n de justicia y distante de la realidad social.<\/span><\/p>\n<p><span style=\"font-family: arial, helvetica, sans-serif; font-size: 14pt;\">Antes de la reforma, un ministro percib\u00eda un sueldo mensual neto superior a los 206 mil pesos; para 2026 ser\u00e1 de poco m\u00e1s de 134 mil. A ello se sumaban seguros m\u00e9dicos privados, seguros de separaci\u00f3n, primas vacacionales, aguinaldos elevados y pagos por riesgo. Hoy, esas prestaciones ya no existen. No se trata de castigos ideol\u00f3gicos, sino de una correcci\u00f3n estructural frente a un modelo insostenible.<\/span><\/p>\n<p><span style=\"font-family: arial, helvetica, sans-serif; font-size: 14pt;\">La presidenta tambi\u00e9n revel\u00f3 que el gasto en medicinas, alimentos y apoyos diversos super\u00f3 los 11 millones de pesos en 2023, cifra que para 2026 se reducir\u00e1 a apenas 200 mil. A esto se a\u00f1ad\u00eda una larga lista de apoyos administrativos sin relaci\u00f3n alguna con funciones jurisdiccionales: reservas en restaurantes, boletos para espect\u00e1culos, traslados personales y hasta servicios dom\u00e9sticos, todo con recursos p\u00fablicos.<\/span><\/p>\n<p><span style=\"font-family: arial, helvetica, sans-serif; font-size: 14pt;\">Claudia Sheinbaum no invent\u00f3 nada. Retom\u00f3 informaci\u00f3n oficial y propuso un ejercicio elemental: comparar el pasado con el presente. En ese contraste, la narrativa se derrumba. La reforma judicial no amenaza a la justicia; pone fin a los privilegios y devuelve sentido \u00e9tico al servicio p\u00fablico.<\/span><\/p>\n<p><span style=\"font-family: arial, helvetica, sans-serif; font-size: 14pt;\">Defender la reforma no es atacar al Poder Judicial, sino reconocer que durante a\u00f1os se sostuvo una estructura desigual y desconectada del pueblo. La postura de la presidenta resulta no s\u00f3lo atinada, sino necesaria. Poner luz donde hab\u00eda opacidad es un acto de responsabilidad democr\u00e1tica.<\/span><\/p>\n<p><span style=\"font-family: arial, helvetica, sans-serif; font-size: 14pt;\">Hoy el debate no deber\u00eda centrarse en los privilegios perdidos, sino en la voluntad colectiva de construir un sistema de justicia congruente con los tiempos que vivimos.<\/span><\/p>\n<p><span style=\"font-family: arial, helvetica, sans-serif; font-size: 14pt;\"><strong>PEGA Y CORRE:<\/strong> Tras la gira presidencial del pasado fin de semana, el presidente municipal Daniel Cortina recibi\u00f3 a la presidenta Claudia Sheinbaum Pardo y a la gobernadora Roc\u00edo Nahle Garc\u00eda en un conocido hotel del puerto de Tuxpan. El encuentro confirma que cuando existe coordinaci\u00f3n entre los tres niveles de gobierno, la transformaci\u00f3n deja de ser discurso y se convierte en ruta de trabajo, con respaldo pol\u00edtico y voluntad para impulsar proyectos que fortalezcan el desarrollo y el bienestar social.<\/span><\/p>\n<p><span style=\"font-family: arial, helvetica, sans-serif; font-size: 14pt;\">Esta columna se publica los lunes, mi\u00e9rcoles y viernes.<\/span><\/p>\n<p><img data-recalc-dims=\"1\" loading=\"lazy\" decoding=\"async\" class=\"aligncenter size-full wp-image-78961\" src=\"https:\/\/i0.wp.com\/politicosaldesnudo.com.mx\/wp-content\/uploads\/2026\/01\/FIRMA-EDITORIAL-PD-7.jpg?resize=800%2C98&#038;ssl=1\" alt=\"\" width=\"800\" height=\"98\" srcset=\"https:\/\/i0.wp.com\/politicosaldesnudo.com.mx\/wp-content\/uploads\/2026\/01\/FIRMA-EDITORIAL-PD-7.jpg?w=1024&amp;ssl=1 1024w, https:\/\/i0.wp.com\/politicosaldesnudo.com.mx\/wp-content\/uploads\/2026\/01\/FIRMA-EDITORIAL-PD-7.jpg?resize=300%2C37&amp;ssl=1 300w, https:\/\/i0.wp.com\/politicosaldesnudo.com.mx\/wp-content\/uploads\/2026\/01\/FIRMA-EDITORIAL-PD-7.jpg?resize=768%2C94&amp;ssl=1 768w\" sizes=\"auto, (max-width: 800px) 100vw, 800px\" \/><\/p>\n","protected":false},"excerpt":{"rendered":"<p>ALMA GRANDE Por \u00c1ngel \u00c1lvaro Pe\u00f1a La discusi\u00f3n p\u00fablica en torno a la reforma judicial ha estado cargada de ruido,<\/p>\n","protected":false},"author":4,"featured_media":78970,"comment_status":"closed","ping_status":"closed","sticky":false,"template":"","format":"standard","meta":{"colormag_page_container_layout":"default_layout","colormag_page_sidebar_layout":"default_layout","_jetpack_memberships_contains_paid_content":false,"footnotes":"","jetpack_publicize_message":"","jetpack_publicize_feature_enabled":true,"jetpack_social_post_already_shared":true,"jetpack_social_options":{"image_generator_settings":{"template":"highway","default_image_id":0,"font":"","enabled":false},"version":2}},"categories":[26],"tags":[],"class_list":["post-78969","post","type-post","status-publish","format-standard","has-post-thumbnail","hentry","category-columnistas"],"jetpack_publicize_connections":[],"jetpack_featured_media_url":"https:\/\/i0.wp.com\/politicosaldesnudo.com.mx\/wp-content\/uploads\/2026\/01\/BANNER-LOPEZ-DORIGA-DIGITAL-5.jpg?fit=800%2C445&ssl=1","jetpack-related-posts":[],"jetpack_sharing_enabled":true,"_links":{"self":[{"href":"https:\/\/politicosaldesnudo.com.mx\/index.php\/wp-json\/wp\/v2\/posts\/78969","targetHints":{"allow":["GET"]}}],"collection":[{"href":"https:\/\/politicosaldesnudo.com.mx\/index.php\/wp-json\/wp\/v2\/posts"}],"about":[{"href":"https:\/\/politicosaldesnudo.com.mx\/index.php\/wp-json\/wp\/v2\/types\/post"}],"author":[{"embeddable":true,"href":"https:\/\/politicosaldesnudo.com.mx\/index.php\/wp-json\/wp\/v2\/users\/4"}],"replies":[{"embeddable":true,"href":"https:\/\/politicosaldesnudo.com.mx\/index.php\/wp-json\/wp\/v2\/comments?post=78969"}],"version-history":[{"count":0,"href":"https:\/\/politicosaldesnudo.com.mx\/index.php\/wp-json\/wp\/v2\/posts\/78969\/revisions"}],"wp:featuredmedia":[{"embeddable":true,"href":"https:\/\/politicosaldesnudo.com.mx\/index.php\/wp-json\/wp\/v2\/media\/78970"}],"wp:attachment":[{"href":"https:\/\/politicosaldesnudo.com.mx\/index.php\/wp-json\/wp\/v2\/media?parent=78969"}],"wp:term":[{"taxonomy":"category","embeddable":true,"href":"https:\/\/politicosaldesnudo.com.mx\/index.php\/wp-json\/wp\/v2\/categories?post=78969"},{"taxonomy":"post_tag","embeddable":true,"href":"https:\/\/politicosaldesnudo.com.mx\/index.php\/wp-json\/wp\/v2\/tags?post=78969"}],"curies":[{"name":"wp","href":"https:\/\/api.w.org\/{rel}","templated":true}]}}