{"id":78972,"date":"2026-01-29T00:01:28","date_gmt":"2026-01-29T06:01:28","guid":{"rendered":"https:\/\/politicosaldesnudo.com.mx\/?p=78972"},"modified":"2026-01-28T20:56:41","modified_gmt":"2026-01-29T02:56:41","slug":"destacan-avances-en-transito-y-vialidad","status":"publish","type":"post","link":"https:\/\/politicosaldesnudo.com.mx\/index.php\/2026\/01\/29\/destacan-avances-en-transito-y-vialidad\/","title":{"rendered":"Destacan avances en Tr\u00e1nsito y Vialidad"},"content":{"rendered":"<p>En aras de mejorar la vialidad en el municipio, se trabaja ya en la rehabilitaci\u00f3n y colocaci\u00f3n de se\u00f1al\u00e9tica, as\u00ed como en la atenci\u00f3n de puntos conflictivos, como rejillas da\u00f1adas en el primer cuadro de la ciudad que afectaban la circulaci\u00f3n vehicular, manifest\u00f3 Ren\u00e9 Cruz Cort\u00e9s, Regidor Cuarto del Ayuntamiento de Tuxpan, quien preside las comisiones de Regularizaci\u00f3n de Asentamientos Humanos, Fraccionamientos, Licencias y Regularizaci\u00f3n de la Tenencia de la Tierra, Planeaci\u00f3n del Desarrollo Municipal, Tr\u00e1nsito y Vialidad, as\u00ed como Polic\u00eda Municipal<\/p>\n<p>Reconoci\u00f3 que los avances se est\u00e1n realizando de manera paulatina debido a la disponibilidad de recursos, sin embargo, asegur\u00f3 que existe el compromiso de seguir trabajando de forma constante para mejorar la movilidad urbana.<\/p>\n<p>Asimismo, inform\u00f3 que se encuentra en proceso una campa\u00f1a de concientizaci\u00f3n vial, la cual buscar\u00e1 fomentar el respeto al reglamento de tr\u00e1nsito entre la ciudadan\u00eda, no solo a trav\u00e9s de instituciones educativas, sino de manera general en la poblaci\u00f3n tuxpe\u00f1a.<\/p>\n<p>El regidor se\u00f1al\u00f3 que, a trav\u00e9s de la p\u00e1gina oficial de la Regidur\u00eda Cuarta, se han recibido reportes ciudadanos relacionados con la actuaci\u00f3n de algunos elementos de Tr\u00e1nsito, solicitudes de topes y se\u00f1alamientos, los cuales dijo, est\u00e1n siendo canalizados puntualmente a la Direcci\u00f3n de Tr\u00e1nsito Municipal para su an\u00e1lisis y atenci\u00f3n correspondiente.<\/p>\n<p>Respecto a las quejas por presuntos abusos o actos de corrupci\u00f3n, Cruz Cort\u00e9s afirm\u00f3 que s\u00ed se han recibido reportes y reiter\u00f3 que, por instrucci\u00f3n del alcalde, no se permitir\u00e1 ninguna mala pr\u00e1ctica. Subray\u00f3 que el objetivo es cambiar la cultura vial, tanto de los agentes como de la ciudadan\u00eda, de manera gradual y responsable.<\/p>\n<p>Destac\u00f3 que el alcalde ha mostrado especial inter\u00e9s en la rehabilitaci\u00f3n de las instalaciones de Tr\u00e1nsito Municipal, actualmente en malas condiciones, as\u00ed como en la mejora de los salarios de los agentes, los cuales reconoci\u00f3 son de los m\u00e1s bajos, lo que consider\u00f3 un paso importante para dignificar su labor y reducir quejas.<\/p>\n","protected":false},"excerpt":{"rendered":"<p>En aras de mejorar la vialidad en el municipio, se trabaja ya en la rehabilitaci\u00f3n y colocaci\u00f3n de se\u00f1al\u00e9tica, as\u00ed<\/p>\n","protected":false},"author":4,"featured_media":78973,"comment_status":"closed","ping_status":"closed","sticky":false,"template":"","format":"standard","meta":{"colormag_page_container_layout":"default_layout","colormag_page_sidebar_layout":"default_layout","_jetpack_memberships_contains_paid_content":false,"footnotes":"","jetpack_publicize_message":"","jetpack_publicize_feature_enabled":true,"jetpack_social_post_already_shared":true,"jetpack_social_options":{"image_generator_settings":{"template":"highway","default_image_id":0,"font":"","enabled":false},"version":2}},"categories":[1082],"tags":[],"class_list":["post-78972","post","type-post","status-publish","format-standard","has-post-thumbnail","hentry","category-tuxpan"],"jetpack_publicize_connections":[],"jetpack_featured_media_url":"https:\/\/i0.wp.com\/politicosaldesnudo.com.mx\/wp-content\/uploads\/2026\/01\/VIL-1.jpg?fit=1200%2C900&ssl=1","jetpack-related-posts":[],"jetpack_sharing_enabled":true,"_links":{"self":[{"href":"https:\/\/politicosaldesnudo.com.mx\/index.php\/wp-json\/wp\/v2\/posts\/78972","targetHints":{"allow":["GET"]}}],"collection":[{"href":"https:\/\/politicosaldesnudo.com.mx\/index.php\/wp-json\/wp\/v2\/posts"}],"about":[{"href":"https:\/\/politicosaldesnudo.com.mx\/index.php\/wp-json\/wp\/v2\/types\/post"}],"author":[{"embeddable":true,"href":"https:\/\/politicosaldesnudo.com.mx\/index.php\/wp-json\/wp\/v2\/users\/4"}],"replies":[{"embeddable":true,"href":"https:\/\/politicosaldesnudo.com.mx\/index.php\/wp-json\/wp\/v2\/comments?post=78972"}],"version-history":[{"count":0,"href":"https:\/\/politicosaldesnudo.com.mx\/index.php\/wp-json\/wp\/v2\/posts\/78972\/revisions"}],"wp:featuredmedia":[{"embeddable":true,"href":"https:\/\/politicosaldesnudo.com.mx\/index.php\/wp-json\/wp\/v2\/media\/78973"}],"wp:attachment":[{"href":"https:\/\/politicosaldesnudo.com.mx\/index.php\/wp-json\/wp\/v2\/media?parent=78972"}],"wp:term":[{"taxonomy":"category","embeddable":true,"href":"https:\/\/politicosaldesnudo.com.mx\/index.php\/wp-json\/wp\/v2\/categories?post=78972"},{"taxonomy":"post_tag","embeddable":true,"href":"https:\/\/politicosaldesnudo.com.mx\/index.php\/wp-json\/wp\/v2\/tags?post=78972"}],"curies":[{"name":"wp","href":"https:\/\/api.w.org\/{rel}","templated":true}]}}