{"id":78981,"date":"2026-01-29T00:04:05","date_gmt":"2026-01-29T06:04:05","guid":{"rendered":"https:\/\/politicosaldesnudo.com.mx\/?p=78981"},"modified":"2026-01-28T20:59:38","modified_gmt":"2026-01-29T02:59:38","slug":"avanzan-tareas-municipales","status":"publish","type":"post","link":"https:\/\/politicosaldesnudo.com.mx\/index.php\/2026\/01\/29\/avanzan-tareas-municipales\/","title":{"rendered":"Avanzan tareas municipales"},"content":{"rendered":"<p>A poco m\u00e1s de un mes de haber iniciado la actual administraci\u00f3n municipal, las principales inquietudes de la ciudadan\u00eda giran en torno a servicios b\u00e1sicos, educaci\u00f3n y apoyo al campo, \u00e1reas en las que ya se han comenzado a implementar acciones concretas para atender la demanda social.<\/p>\n<p>Desde las comisiones de Limpia P\u00fablica, Educaci\u00f3n y Fomento Agropecuario, se ha trabajado de manera coordinada con directores y coordinadores municipales para dar respuesta a las necesidades m\u00e1s apremiantes de la poblaci\u00f3n, explic\u00f3 la regidora tercera del Ayuntamiento de Tuxpan, Esmeralda M\u00e1rquez Ram\u00edrez.<\/p>\n<p>En el tema de limpia p\u00fablica, una de las principales preocupaciones de la ciudadan\u00eda ha sido evitar la acumulaci\u00f3n de basura en colonias y comunidades. Actualmente, el municipio cuenta con 15 camiones recolectores que cubren 25 rutas en la zona urbana, distribuidos en turnos matutinos y vespertinos. Este incremento en el parque vehicular ha permitido atender la demanda del servicio de manera m\u00e1s eficiente, situaci\u00f3n que no se ten\u00eda al inicio de la administraci\u00f3n.<\/p>\n<p>Respecto al \u00e1rea de educaci\u00f3n, se han retomado los actos c\u00edvicos semanales en el Palacio Municipal, con la participaci\u00f3n de distintas instituciones educativas, con el objetivo de motivar a ni\u00f1as, ni\u00f1os y j\u00f3venes a continuar con su formaci\u00f3n acad\u00e9mica. Adem\u00e1s, se mantiene una coordinaci\u00f3n constante con autoridades educativas para impulsar actividades culturales y recreativas.<\/p>\n<p>Uno de los temas que ha cobrado relevancia es el rezago educativo, particularmente en comunidades alejadas. Tras una reuni\u00f3n con coordinadores del IVEA de la zona norte del estado, se acord\u00f3 fortalecer los comit\u00e9s de alfabetizaci\u00f3n para llevar educaci\u00f3n b\u00e1sica a personas que no tuvieron acceso a estudios.<\/p>\n<p>Estas acciones ya han generado respuesta inmediata, pues ciudadanos interesados en retomar sus estudios han comenzado a acercarse para solicitar informaci\u00f3n y ser canalizados a los programas correspondientes.<\/p>\n","protected":false},"excerpt":{"rendered":"<p>A poco m\u00e1s de un mes de haber iniciado la actual administraci\u00f3n municipal, las principales inquietudes de la ciudadan\u00eda giran<\/p>\n","protected":false},"author":4,"featured_media":78982,"comment_status":"closed","ping_status":"closed","sticky":false,"template":"","format":"standard","meta":{"colormag_page_container_layout":"default_layout","colormag_page_sidebar_layout":"default_layout","_jetpack_memberships_contains_paid_content":false,"footnotes":"","jetpack_publicize_message":"","jetpack_publicize_feature_enabled":true,"jetpack_social_post_already_shared":true,"jetpack_social_options":{"image_generator_settings":{"template":"highway","default_image_id":0,"font":"","enabled":false},"version":2}},"categories":[1082],"tags":[],"class_list":["post-78981","post","type-post","status-publish","format-standard","has-post-thumbnail","hentry","category-tuxpan"],"jetpack_publicize_connections":[],"jetpack_featured_media_url":"https:\/\/i0.wp.com\/politicosaldesnudo.com.mx\/wp-content\/uploads\/2026\/01\/TAMU.jpg?fit=1094%2C842&ssl=1","jetpack-related-posts":[],"jetpack_sharing_enabled":true,"_links":{"self":[{"href":"https:\/\/politicosaldesnudo.com.mx\/index.php\/wp-json\/wp\/v2\/posts\/78981","targetHints":{"allow":["GET"]}}],"collection":[{"href":"https:\/\/politicosaldesnudo.com.mx\/index.php\/wp-json\/wp\/v2\/posts"}],"about":[{"href":"https:\/\/politicosaldesnudo.com.mx\/index.php\/wp-json\/wp\/v2\/types\/post"}],"author":[{"embeddable":true,"href":"https:\/\/politicosaldesnudo.com.mx\/index.php\/wp-json\/wp\/v2\/users\/4"}],"replies":[{"embeddable":true,"href":"https:\/\/politicosaldesnudo.com.mx\/index.php\/wp-json\/wp\/v2\/comments?post=78981"}],"version-history":[{"count":0,"href":"https:\/\/politicosaldesnudo.com.mx\/index.php\/wp-json\/wp\/v2\/posts\/78981\/revisions"}],"wp:featuredmedia":[{"embeddable":true,"href":"https:\/\/politicosaldesnudo.com.mx\/index.php\/wp-json\/wp\/v2\/media\/78982"}],"wp:attachment":[{"href":"https:\/\/politicosaldesnudo.com.mx\/index.php\/wp-json\/wp\/v2\/media?parent=78981"}],"wp:term":[{"taxonomy":"category","embeddable":true,"href":"https:\/\/politicosaldesnudo.com.mx\/index.php\/wp-json\/wp\/v2\/categories?post=78981"},{"taxonomy":"post_tag","embeddable":true,"href":"https:\/\/politicosaldesnudo.com.mx\/index.php\/wp-json\/wp\/v2\/tags?post=78981"}],"curies":[{"name":"wp","href":"https:\/\/api.w.org\/{rel}","templated":true}]}}