{"id":78993,"date":"2026-01-29T00:08:36","date_gmt":"2026-01-29T06:08:36","guid":{"rendered":"https:\/\/politicosaldesnudo.com.mx\/?p=78993"},"modified":"2026-01-28T22:01:58","modified_gmt":"2026-01-29T04:01:58","slug":"morena-pvem-y-pt-refrendan-alianza-rumbo-a-las-elecciones-intermedias-de-2027","status":"publish","type":"post","link":"https:\/\/politicosaldesnudo.com.mx\/index.php\/2026\/01\/29\/morena-pvem-y-pt-refrendan-alianza-rumbo-a-las-elecciones-intermedias-de-2027\/","title":{"rendered":"Morena, PVEM y PT refrendan alianza rumbo a las elecciones intermedias de 2027"},"content":{"rendered":"<p>Las dirigencias nacionales de Morena, del Partido Verde Ecologista de M\u00e9xico (PVEM) y del Partido del Trabajo (PT), que conforman el bloque de la cuarta transformaci\u00f3n en el Congreso de la Uni\u00f3n, firmaron este mi\u00e9rcoles su compromiso para fortalecer esta alianza rumbo a las elecciones intermedias de 2027, en la que adem\u00e1s de renovaci\u00f3n de la C\u00e1mara de Diputados, se definir\u00e1n 17 gubernaturas en el pa\u00eds. Garantizaron que antepondr\u00e1n el inter\u00e9s de M\u00e9xico sobre cualquier inter\u00e9s partidario.<\/p>\n<p>En una declaraci\u00f3n conjunta que firmaron sus dirigencias este d\u00eda, indicaron: \u201cRefrendamos la unidad pol\u00edtica de la alianza rumbo al 2027 para garantizar la continuidad del proyecto de transformaci\u00f3n con un pa\u00eds m\u00e1s justo democr\u00e1tico, igualitario, incluyente, independiente y regido por la voluntad libre y soberana del pueblo de M\u00e9xico. Pero sobre todo que ha logrado en los hechos un verdadero estado de bienestar\u201d.<\/p>\n<p>Tambi\u00e9n ratificaron su \u201capoyo, respaldo y acompa\u00f1amiento a la primera presidenta de M\u00e9xico, Claudia Sheinbaum Pardo, la m\u00e1s votada en la historia del pa\u00eds, anteponiendo el inter\u00e9s de M\u00e9xico por encima de cualquier inter\u00e9s de partido\u201d.<\/p>\n<p>En conferencia de prensa encabezada por la dirigencia de Morena; el coordinador nacional del PT, Alberto Anaya, y la dirigente nacional del PVEM, Karen Castrej\u00f3n, se\u00f1alaron adem\u00e1s que \u201cla transformaci\u00f3n est\u00e1 m\u00e1s fuerte que nunca rumbo al 2027, la oposici\u00f3n, que no tiene proyecto, que no tiene agenda, se frota las manos de vernos divididos. As\u00ed que desde aqu\u00ed les decimos fuerte y claro que este movimiento de Transformaci\u00f3n, que est\u00e1 alianza, est\u00e1 m\u00e1s fuerte que nunca rumbo al 2027\u201d.<\/p>\n<p>Juntos, agregaron, lograron el triunfo de 2018 de Andr\u00e9s Manuel L\u00f3pez Obrador, y en 2024 de Claudia Sheinbaum Pardo. Tambi\u00e9n, lograron \u201cla confianza del pueblo\u201d para lograr una mayor\u00eda calificada capaz de realizar reformas a la Constituci\u00f3n. Destacaron que gracias a ellos, los programas sociales se volvieron derechos constitucionales.<\/p>\n<p>Durante el acto organizado en un hotel en la Ciudad de M\u00e9xico, el Partido del Trabajo se pronunci\u00f3 por dejar en claro que la alianza no es solo de cara a las elecciones de 2024, sino incluso en la pr\u00f3xima elecci\u00f3n presidencial de 2030.<\/p>\n<p>\u201cQuien quiera ver fisuras, quien quiera ver grietas, quien quiera pensar que la coalici\u00f3n se puede desmoronar, est\u00e1n equivocados\u201d, agreg\u00f3 el l\u00edder petista, mientras que la dirigente del Verde tambi\u00e9n expres\u00f3 su respaldo al gobierno de la presidenta Sheinbaum Pardo.<\/p>\n","protected":false},"excerpt":{"rendered":"<p>Las dirigencias nacionales de Morena, del Partido Verde Ecologista de M\u00e9xico (PVEM) y del Partido del Trabajo (PT), que conforman<\/p>\n","protected":false},"author":4,"featured_media":78994,"comment_status":"closed","ping_status":"closed","sticky":false,"template":"","format":"standard","meta":{"colormag_page_container_layout":"default_layout","colormag_page_sidebar_layout":"default_layout","_jetpack_memberships_contains_paid_content":false,"footnotes":"","jetpack_publicize_message":"","jetpack_publicize_feature_enabled":true,"jetpack_social_post_already_shared":true,"jetpack_social_options":{"image_generator_settings":{"template":"highway","default_image_id":0,"font":"","enabled":false},"version":2}},"categories":[33],"tags":[],"class_list":["post-78993","post","type-post","status-publish","format-standard","has-post-thumbnail","hentry","category-nacional"],"jetpack_publicize_connections":[],"jetpack_featured_media_url":"https:\/\/i0.wp.com\/politicosaldesnudo.com.mx\/wp-content\/uploads\/2026\/01\/LACHI.jpg?fit=1200%2C800&ssl=1","jetpack-related-posts":[],"jetpack_sharing_enabled":true,"_links":{"self":[{"href":"https:\/\/politicosaldesnudo.com.mx\/index.php\/wp-json\/wp\/v2\/posts\/78993","targetHints":{"allow":["GET"]}}],"collection":[{"href":"https:\/\/politicosaldesnudo.com.mx\/index.php\/wp-json\/wp\/v2\/posts"}],"about":[{"href":"https:\/\/politicosaldesnudo.com.mx\/index.php\/wp-json\/wp\/v2\/types\/post"}],"author":[{"embeddable":true,"href":"https:\/\/politicosaldesnudo.com.mx\/index.php\/wp-json\/wp\/v2\/users\/4"}],"replies":[{"embeddable":true,"href":"https:\/\/politicosaldesnudo.com.mx\/index.php\/wp-json\/wp\/v2\/comments?post=78993"}],"version-history":[{"count":0,"href":"https:\/\/politicosaldesnudo.com.mx\/index.php\/wp-json\/wp\/v2\/posts\/78993\/revisions"}],"wp:featuredmedia":[{"embeddable":true,"href":"https:\/\/politicosaldesnudo.com.mx\/index.php\/wp-json\/wp\/v2\/media\/78994"}],"wp:attachment":[{"href":"https:\/\/politicosaldesnudo.com.mx\/index.php\/wp-json\/wp\/v2\/media?parent=78993"}],"wp:term":[{"taxonomy":"category","embeddable":true,"href":"https:\/\/politicosaldesnudo.com.mx\/index.php\/wp-json\/wp\/v2\/categories?post=78993"},{"taxonomy":"post_tag","embeddable":true,"href":"https:\/\/politicosaldesnudo.com.mx\/index.php\/wp-json\/wp\/v2\/tags?post=78993"}],"curies":[{"name":"wp","href":"https:\/\/api.w.org\/{rel}","templated":true}]}}