{"id":79017,"date":"2026-01-29T00:16:10","date_gmt":"2026-01-29T06:16:10","guid":{"rendered":"https:\/\/politicosaldesnudo.com.mx\/?p=79017"},"modified":"2026-01-28T22:17:09","modified_gmt":"2026-01-29T04:17:09","slug":"suspenderan-suministro-de-agua-en-150-colonias-de-tampico-y-ciudad-madero","status":"publish","type":"post","link":"https:\/\/politicosaldesnudo.com.mx\/index.php\/2026\/01\/29\/suspenderan-suministro-de-agua-en-150-colonias-de-tampico-y-ciudad-madero\/","title":{"rendered":"Suspender\u00e1n suministro de agua en 150 colonias de Tampico y Ciudad Madero"},"content":{"rendered":"<p class=\"nota-justify\">Al menos 150 colonias del sur de Tamaulipas enfrentar\u00e1n una suspensi\u00f3n temporal en el suministro de agua potable a partir de la noche del s\u00e1bado 31 de enero, como consecuencia de trabajos de mantenimiento programados en la planta potabilizadora Altavista, inform\u00f3 la Comisi\u00f3n Municipal de Agua Potable y Alcantarillado (COMAPA) Zona Sur.<\/p>\n<p class=\"nota-justify\">El corte en el servicio iniciar\u00e1 a las 20:00 horas del s\u00e1bado y se prev\u00e9 que el restablecimiento comience de manera gradual a partir de las 10:00 horas del domingo 1 de febrero. La afectaci\u00f3n alcanzar\u00e1 al menos 50 colonias de Tampico y un centenar de Ciudad Madero, donde habitan m\u00e1s de 600 miles de pobladores que dependen de esta infraestructura para el abasto diario.<\/p>\n<p class=\"nota-justify\">La COMAPA Zona Sur se\u00f1al\u00f3 que los trabajos forman parte de un programa de mantenimiento que busca mejorar la operaci\u00f3n de la planta y garantizar, en el mediano plazo, un suministro m\u00e1s estable y eficiente. Sin embargo, la interrupci\u00f3n vuelve a exhibir la fragilidad de la red hidr\u00e1ulica en la zona conurbada, donde los cortes de agua se han vuelto recurrentes y generan impactos directos en la vida cotidiana, en especial en los sectores populares.<\/p>\n<p class=\"nota-justify\">El organismo descentralizado exhort\u00f3 a la poblaci\u00f3n a tomar previsiones, almacenar agua de forma responsable y priorizar su uso durante el periodo de suspensi\u00f3n.<\/p>\n","protected":false},"excerpt":{"rendered":"<p>Al menos 150 colonias del sur de Tamaulipas enfrentar\u00e1n una suspensi\u00f3n temporal en el suministro de agua potable a partir<\/p>\n","protected":false},"author":4,"featured_media":79018,"comment_status":"closed","ping_status":"closed","sticky":false,"template":"","format":"standard","meta":{"colormag_page_container_layout":"default_layout","colormag_page_sidebar_layout":"default_layout","_jetpack_memberships_contains_paid_content":false,"footnotes":"","jetpack_publicize_message":"","jetpack_publicize_feature_enabled":true,"jetpack_social_post_already_shared":true,"jetpack_social_options":{"image_generator_settings":{"template":"highway","default_image_id":0,"font":"","enabled":false},"version":2}},"categories":[30],"tags":[],"class_list":["post-79017","post","type-post","status-publish","format-standard","has-post-thumbnail","hentry","category-estados"],"jetpack_publicize_connections":[],"jetpack_featured_media_url":"https:\/\/i0.wp.com\/politicosaldesnudo.com.mx\/wp-content\/uploads\/2026\/01\/images.jpeg?fit=275%2C183&ssl=1","jetpack-related-posts":[],"jetpack_sharing_enabled":true,"_links":{"self":[{"href":"https:\/\/politicosaldesnudo.com.mx\/index.php\/wp-json\/wp\/v2\/posts\/79017","targetHints":{"allow":["GET"]}}],"collection":[{"href":"https:\/\/politicosaldesnudo.com.mx\/index.php\/wp-json\/wp\/v2\/posts"}],"about":[{"href":"https:\/\/politicosaldesnudo.com.mx\/index.php\/wp-json\/wp\/v2\/types\/post"}],"author":[{"embeddable":true,"href":"https:\/\/politicosaldesnudo.com.mx\/index.php\/wp-json\/wp\/v2\/users\/4"}],"replies":[{"embeddable":true,"href":"https:\/\/politicosaldesnudo.com.mx\/index.php\/wp-json\/wp\/v2\/comments?post=79017"}],"version-history":[{"count":0,"href":"https:\/\/politicosaldesnudo.com.mx\/index.php\/wp-json\/wp\/v2\/posts\/79017\/revisions"}],"wp:featuredmedia":[{"embeddable":true,"href":"https:\/\/politicosaldesnudo.com.mx\/index.php\/wp-json\/wp\/v2\/media\/79018"}],"wp:attachment":[{"href":"https:\/\/politicosaldesnudo.com.mx\/index.php\/wp-json\/wp\/v2\/media?parent=79017"}],"wp:term":[{"taxonomy":"category","embeddable":true,"href":"https:\/\/politicosaldesnudo.com.mx\/index.php\/wp-json\/wp\/v2\/categories?post=79017"},{"taxonomy":"post_tag","embeddable":true,"href":"https:\/\/politicosaldesnudo.com.mx\/index.php\/wp-json\/wp\/v2\/tags?post=79017"}],"curies":[{"name":"wp","href":"https:\/\/api.w.org\/{rel}","templated":true}]}}