{"id":79026,"date":"2026-01-29T00:19:17","date_gmt":"2026-01-29T06:19:17","guid":{"rendered":"https:\/\/politicosaldesnudo.com.mx\/?p=79026"},"modified":"2026-01-28T22:22:36","modified_gmt":"2026-01-29T04:22:36","slug":"suspenden-a-agentes-implicados-en-muerte-de-alex-pretti-en-mineapolis","status":"publish","type":"post","link":"https:\/\/politicosaldesnudo.com.mx\/index.php\/2026\/01\/29\/suspenden-a-agentes-implicados-en-muerte-de-alex-pretti-en-mineapolis\/","title":{"rendered":"Suspenden a agentes implicados en muerte de Alex Pretti en Mine\u00e1polis"},"content":{"rendered":"<p class=\"nota-justify\">Los agentes federales de migraci\u00f3n implicados en la muerte a tiros de un manifestante en Mine\u00e1polis fueron suspendidos de sus funciones, reportaron este mi\u00e9rcoles medios estadunidenses, cuando arrecian las cr\u00edticas contra el presidente Donald Trump por defender a los funcionarios del ICE.<\/p>\n<p class=\"nota-justify\"><i>The New York Times<\/i>\u00a0no especific\u00f3 el n\u00famero de agentes sancionados por la muerte el s\u00e1bado del enfermero Alex Pretti, quien recibi\u00f3 varios disparos luego de ser inmovilizado en el suelo por varios agentes del ICE.<\/p>\n<p class=\"nota-justify\">El Departamento de Seguridad Nacional dijo que los dos agentes que dispararon sus armas durante el encuentro con Alex Pretti fueron puestos bajo licencia como parte de los procedimientos est\u00e1ndar, inform\u00f3 por su parte\u00a0<i>Fox News<\/i>.<\/p>\n<p class=\"nota-justify\"><i>MS NOW<\/i>\u00a0inform\u00f3 anteriormente que los agentes involucrados en el tiroteo contra Pretti hab\u00edan sido puestos bajo licencia, citando una fuente an\u00f3nima.<\/p>\n<p class=\"nota-justify\">No fue posible contactar inmediatamente a representantes del DHS para confirmar los informes.<\/p>\n<p class=\"nota-justify\">El s\u00e1bado, agentes de migraci\u00f3n dispararon varias veces contra Pretti, enfermero de cuidados intensivos en un hospital para veteranos. Su muerte, el segundo encuentro fatal entre agentes del Servicio de Inmigraci\u00f3n y Control de Aduanas (ICE) y ciudadanos estadunidenses en Minesota este mes, desat\u00f3 una ola de indignaci\u00f3n nacional.<\/p>\n<p class=\"nota-justify\">La Oficina de Aduanas y Protecci\u00f3n Fronteriza de Estados Unidos ha dicho que est\u00e1 revisando el tiroteo.<\/p>\n","protected":false},"excerpt":{"rendered":"<p>Los agentes federales de migraci\u00f3n implicados en la muerte a tiros de un manifestante en Mine\u00e1polis fueron suspendidos de sus<\/p>\n","protected":false},"author":4,"featured_media":79027,"comment_status":"closed","ping_status":"closed","sticky":false,"template":"","format":"standard","meta":{"colormag_page_container_layout":"default_layout","colormag_page_sidebar_layout":"default_layout","_jetpack_memberships_contains_paid_content":false,"footnotes":"","jetpack_publicize_message":"","jetpack_publicize_feature_enabled":true,"jetpack_social_post_already_shared":true,"jetpack_social_options":{"image_generator_settings":{"template":"highway","default_image_id":0,"font":"","enabled":false},"version":2}},"categories":[28],"tags":[],"class_list":["post-79026","post","type-post","status-publish","format-standard","has-post-thumbnail","hentry","category-internacional"],"jetpack_publicize_connections":[],"jetpack_featured_media_url":"https:\/\/i0.wp.com\/politicosaldesnudo.com.mx\/wp-content\/uploads\/2026\/01\/SUSP.jpg?fit=1200%2C900&ssl=1","jetpack-related-posts":[],"jetpack_sharing_enabled":true,"_links":{"self":[{"href":"https:\/\/politicosaldesnudo.com.mx\/index.php\/wp-json\/wp\/v2\/posts\/79026","targetHints":{"allow":["GET"]}}],"collection":[{"href":"https:\/\/politicosaldesnudo.com.mx\/index.php\/wp-json\/wp\/v2\/posts"}],"about":[{"href":"https:\/\/politicosaldesnudo.com.mx\/index.php\/wp-json\/wp\/v2\/types\/post"}],"author":[{"embeddable":true,"href":"https:\/\/politicosaldesnudo.com.mx\/index.php\/wp-json\/wp\/v2\/users\/4"}],"replies":[{"embeddable":true,"href":"https:\/\/politicosaldesnudo.com.mx\/index.php\/wp-json\/wp\/v2\/comments?post=79026"}],"version-history":[{"count":0,"href":"https:\/\/politicosaldesnudo.com.mx\/index.php\/wp-json\/wp\/v2\/posts\/79026\/revisions"}],"wp:featuredmedia":[{"embeddable":true,"href":"https:\/\/politicosaldesnudo.com.mx\/index.php\/wp-json\/wp\/v2\/media\/79027"}],"wp:attachment":[{"href":"https:\/\/politicosaldesnudo.com.mx\/index.php\/wp-json\/wp\/v2\/media?parent=79026"}],"wp:term":[{"taxonomy":"category","embeddable":true,"href":"https:\/\/politicosaldesnudo.com.mx\/index.php\/wp-json\/wp\/v2\/categories?post=79026"},{"taxonomy":"post_tag","embeddable":true,"href":"https:\/\/politicosaldesnudo.com.mx\/index.php\/wp-json\/wp\/v2\/tags?post=79026"}],"curies":[{"name":"wp","href":"https:\/\/api.w.org\/{rel}","templated":true}]}}