{"id":79039,"date":"2026-01-28T08:39:33","date_gmt":"2026-01-28T14:39:33","guid":{"rendered":"https:\/\/politicosaldesnudo.com.mx\/?p=79039"},"modified":"2026-01-28T22:41:12","modified_gmt":"2026-01-29T04:41:12","slug":"por-eso-el-miedo-a-la-revocacion-de-mandato","status":"publish","type":"post","link":"https:\/\/politicosaldesnudo.com.mx\/index.php\/2026\/01\/28\/por-eso-el-miedo-a-la-revocacion-de-mandato\/","title":{"rendered":"Por eso el miedo a la revocaci\u00f3n de mandato"},"content":{"rendered":"<p>El pasado fin de semana, Oaxaca vivi\u00f3 un ejercicio de revocaci\u00f3n de mandato que, en los hechos, buscaba ser una ratificaci\u00f3n del gobernador en turno, Salom\u00f3n Jara. Los resultados oficiales confirmaron la permanencia del mandatario, pero lo hicieron bajo un tufo de sospechas de fraude y la certeza de la ilegitimidad.<\/p>\n<p>Aunque el gobierno de Jara intent\u00f3 presentar la jornada como un triunfo de la democracia participativa, las cifras oficiales revelaron un dato imposible de ocultar: el rechazo ciudadano fue estruendoso. La participaci\u00f3n estuvo por debajo de lo esperado y, aun entre quienes acudieron a las urnas, se registr\u00f3 un porcentaje significativo de votos en favor de la revocaci\u00f3n del gobernador morenista. De hecho, en la capital oaxaque\u00f1a, perdi\u00f3 estrepitosamente.<\/p>\n<p>La figura de la revocaci\u00f3n de mandato, incorporada en la Constituci\u00f3n mexicana como un mecanismo de democracia directa, naci\u00f3 con la promesa de \u201cempoderar\u201d, aparentemente, a la ciudadan\u00eda frente a gobernantes que incumplen sus compromisos o ejercen el poder de manera autoritaria. Sin embargo, en la pr\u00e1ctica, este instrumento fue utilizado m\u00e1s bien como un recurso de legitimaci\u00f3n pol\u00edtica y no como un verdadero mecanismo de rendici\u00f3n de cuentas.<\/p>\n<p>Incluso, la verdadera intenci\u00f3n del entonces presidente Andr\u00e9s Manuel L\u00f3pez Obrador en aquella consulta de revocaci\u00f3n de su mandato que nadie ped\u00eda \u2013ni la oposici\u00f3n- era en realidad justificar una extensi\u00f3n de su gobierno, lo que muy probablemente hubiese sido el siguiente paso de haber logrado que la consulta fuese vinculante, lo que al igual que Jara, tampoco consigui\u00f3 debido a la baja participaci\u00f3n ciudadana.<\/p>\n<p>L\u00f3pez Obrador promovi\u00f3 la consulta porque ten\u00eda la certeza de que los aparatos de movilizaci\u00f3n y el clientelismo rampl\u00f3n de su sexenio garantizar\u00edan un resultado favorable, adem\u00e1s de la aceptaci\u00f3n real de su figura por una amplia franja de la poblaci\u00f3n de este pa\u00eds. Era una apuesta segura. Pero con otros pol\u00edticos es distinto.<\/p>\n<p>Aun con todo el aparato gubernamental desplegado en Oaxaca, las cifras oficiales mostraron un rechazo significativo. Y las no oficiales, las que se daban a conocer mientras se terminaba la jornada, eran de esc\u00e1ndalo. As\u00ed, aunque Jara fue \u201cratificado\u201d, lo fue con un respaldo raqu\u00edtico \u2013si damos por buenos sus n\u00fameros-, insuficiente para hablar de legitimidad real.<\/p>\n<p>Si trasladamos este escenario a Veracruz, el panorama se vuelve a\u00fan m\u00e1s complejo. Imaginemos una consulta de revocaci\u00f3n del mandato de la gobernadora Roc\u00edo Nahle en medio de las condiciones actuales: incrementos unilaterales y no consultados al \u201cpueblo\u201d \u2013\u00e9se que dicen que no traicionan- al transporte p\u00fablico, que han golpeado directamente la econom\u00eda de las familias; retrasos y \u201cjineteo\u201d en el pago de n\u00f3mina a trabajadores del sector p\u00fablico, generando incertidumbre y malestar social; actuaci\u00f3n negligente en emergencias, como las inundaciones de octubre pasado, donde la respuesta gubernamental fue tard\u00eda y timorata. Y as\u00ed le podr\u00edamos seguir.<\/p>\n<p>En este contexto, una consulta de revocaci\u00f3n no ser\u00eda necesariamente un tr\u00e1mite de legitimaci\u00f3n, sino un plebiscito sobre la gesti\u00f3n gubernamental. Y el malestar ciudadano en Veracruz es palpable. Por ello, la consulta podr\u00eda convertirse en un \u201cboomerang\u201d pol\u00edtico.<\/p>\n<p>Nahle y sus operadores lo saben. Por eso desde finales del a\u00f1o pasado se mandaron hacer \u201ctrajes a la medida\u201d en forma de \u201cencuestas\u201d en las que, de la noche a la ma\u00f1ana, la gobernadora sal\u00eda del fondo de las listas de aprobaci\u00f3n para encaramarse a media tabla, sin nada que pudiese explicar un salto as\u00ed, m\u00e1s que lo que resulta evidente: que esos n\u00fameros son inventos.<\/p>\n<p>Por eso es que la gobernadora se niega a impulsar la legislaci\u00f3n que reglamente la revocaci\u00f3n de mandato, incluso aun cuando ya fue ordenado por la Sala Superior del Tribunal Electoral del Poder Judicial de la Federaci\u00f3n, que a principios de diciembre determin\u00f3 que el Congreso local debe emitir la ley reglamentaria \u201cdentro de un plazo razonable\u201d.<\/p>\n<p>Una consulta de revocaci\u00f3n de mandato en Veracruz podr\u00eda convertirse en un parteaguas por el malestar acumulado que, de traducirse en un rechazo contundente, ser\u00eda capaz de poner en entredicho la continuidad misma del actual gobierno.<\/p>\n<p>Por eso el miedo que le tienen.<\/p>\n<p><img data-recalc-dims=\"1\" loading=\"lazy\" decoding=\"async\" class=\"aligncenter size-full wp-image-78961\" src=\"https:\/\/i0.wp.com\/politicosaldesnudo.com.mx\/wp-content\/uploads\/2026\/01\/FIRMA-EDITORIAL-PD-7.jpg?resize=800%2C98&#038;ssl=1\" alt=\"\" width=\"800\" height=\"98\" srcset=\"https:\/\/i0.wp.com\/politicosaldesnudo.com.mx\/wp-content\/uploads\/2026\/01\/FIRMA-EDITORIAL-PD-7.jpg?w=1024&amp;ssl=1 1024w, https:\/\/i0.wp.com\/politicosaldesnudo.com.mx\/wp-content\/uploads\/2026\/01\/FIRMA-EDITORIAL-PD-7.jpg?resize=300%2C37&amp;ssl=1 300w, https:\/\/i0.wp.com\/politicosaldesnudo.com.mx\/wp-content\/uploads\/2026\/01\/FIRMA-EDITORIAL-PD-7.jpg?resize=768%2C94&amp;ssl=1 768w\" sizes=\"auto, (max-width: 800px) 100vw, 800px\" \/><\/p>\n","protected":false},"excerpt":{"rendered":"<p>El pasado fin de semana, Oaxaca vivi\u00f3 un ejercicio de revocaci\u00f3n de mandato que, en los hechos, buscaba ser una<\/p>\n","protected":false},"author":4,"featured_media":78325,"comment_status":"closed","ping_status":"closed","sticky":false,"template":"","format":"standard","meta":{"colormag_page_container_layout":"default_layout","colormag_page_sidebar_layout":"default_layout","_jetpack_memberships_contains_paid_content":false,"footnotes":"","jetpack_publicize_message":"","jetpack_publicize_feature_enabled":true,"jetpack_social_post_already_shared":true,"jetpack_social_options":{"image_generator_settings":{"template":"highway","default_image_id":0,"font":"","enabled":false},"version":2}},"categories":[26],"tags":[],"class_list":["post-79039","post","type-post","status-publish","format-standard","has-post-thumbnail","hentry","category-columnistas"],"jetpack_publicize_connections":[],"jetpack_featured_media_url":"https:\/\/i0.wp.com\/politicosaldesnudo.com.mx\/wp-content\/uploads\/2026\/01\/AURELIO-CONTRERAS.jpg?fit=800%2C445&ssl=1","jetpack-related-posts":[],"jetpack_sharing_enabled":true,"_links":{"self":[{"href":"https:\/\/politicosaldesnudo.com.mx\/index.php\/wp-json\/wp\/v2\/posts\/79039","targetHints":{"allow":["GET"]}}],"collection":[{"href":"https:\/\/politicosaldesnudo.com.mx\/index.php\/wp-json\/wp\/v2\/posts"}],"about":[{"href":"https:\/\/politicosaldesnudo.com.mx\/index.php\/wp-json\/wp\/v2\/types\/post"}],"author":[{"embeddable":true,"href":"https:\/\/politicosaldesnudo.com.mx\/index.php\/wp-json\/wp\/v2\/users\/4"}],"replies":[{"embeddable":true,"href":"https:\/\/politicosaldesnudo.com.mx\/index.php\/wp-json\/wp\/v2\/comments?post=79039"}],"version-history":[{"count":0,"href":"https:\/\/politicosaldesnudo.com.mx\/index.php\/wp-json\/wp\/v2\/posts\/79039\/revisions"}],"wp:featuredmedia":[{"embeddable":true,"href":"https:\/\/politicosaldesnudo.com.mx\/index.php\/wp-json\/wp\/v2\/media\/78325"}],"wp:attachment":[{"href":"https:\/\/politicosaldesnudo.com.mx\/index.php\/wp-json\/wp\/v2\/media?parent=79039"}],"wp:term":[{"taxonomy":"category","embeddable":true,"href":"https:\/\/politicosaldesnudo.com.mx\/index.php\/wp-json\/wp\/v2\/categories?post=79039"},{"taxonomy":"post_tag","embeddable":true,"href":"https:\/\/politicosaldesnudo.com.mx\/index.php\/wp-json\/wp\/v2\/tags?post=79039"}],"curies":[{"name":"wp","href":"https:\/\/api.w.org\/{rel}","templated":true}]}}