{"id":79041,"date":"2026-01-28T09:41:47","date_gmt":"2026-01-28T15:41:47","guid":{"rendered":"https:\/\/politicosaldesnudo.com.mx\/?p=79041"},"modified":"2026-01-28T22:43:35","modified_gmt":"2026-01-29T04:43:35","slug":"imperiosa-necesidad","status":"publish","type":"post","link":"https:\/\/politicosaldesnudo.com.mx\/index.php\/2026\/01\/28\/imperiosa-necesidad\/","title":{"rendered":"IMPERIOSA NECESIDAD"},"content":{"rendered":"<p>La creciente tensi\u00f3n existente entre la justicia constitucional y la legitimidad democr\u00e1tica del segundo piso de la Cuarta Transformaci\u00f3n de la Naci\u00f3n, es un tema de actualidad, como lo es el fen\u00f3meno mismo de la narco-pol\u00edtica, ello comienza a causar tensiones internacionales como consecuencia del nulo combate a\u00a0 ese ignominioso fen\u00f3meno; lo expuesto plantea la imperiosa necesidad de grandes cambios en el sistema de justicia que difunde cotidianamente la Dra. Claudia Sheinbaum Pardo a fin de finiquitar o al menos, atenuar la referida tirantez.<\/p>\n<p>A partir de la err\u00f3nea pol\u00edtica de \u201cabrazos y besos a la delincuencia\u201d propagada por Andr\u00e9s Manuel L\u00f3pez Obrador, en M\u00e9xico floreci\u00f3 la \u201cjusticia de impunidad\u201d, relacionada ella con el narco-pol\u00edtico m\u00e1s importante de la historia jur\u00eddica nacional, mismo que dio origen a que algunos medios internacionales de comunicaci\u00f3n se\u00f1alaran a M\u00e9xico como un narco-estado.<\/p>\n<p>Las autoridades de procuraci\u00f3n de justicia del ayer y del hoy no han hecho nada para evitar lo antepuesto. Siguen permitiendo la permanencia del poder de la narco-pol\u00edtica en nuestras instituciones del Estado, la cual se infiltr\u00f3 en la era del neoliberalismo y, que como consecuencia obtuvo un deleznable control de la ley, al permitir el crecimiento de ese despreciable y complejo sistema de \u201cjusticia selectiva\u201d, en el que conviven la incorrecta interpretaci\u00f3n del C\u00f3digo Penal, la corrupci\u00f3n y la impunidad para aqu\u00e9l infame funcionario p\u00fablico.<\/p>\n<p>La tensi\u00f3n entre la verdadera justicia y la Primera Magistrada de la Naci\u00f3n, trae como consecuencia que un gobierno extranjero pretenda hacer valer la extraterritorialidad de su ley, dando lugar a un enfrentamiento medi\u00e1tico entre presidentes, ya que surgen distintas interrogantes respecto a la forma de brindar impunidad al \u00fanico y verdadero creador del fen\u00f3meno de la narco-delincuencia-pol\u00edtica y consecuentemente, se han anulado las leyes que se consideran constitucionales para enfrentar ese problema y, m\u00e1s a\u00fan, cuando las instituciones de procuraci\u00f3n de justicia act\u00faan tomando una actitud de pasividad y complicidad.<\/p>\n<p>En un sistema democr\u00e1tico como el que debe de prevalecer en los Estados Unidos Mexicanos, podemos jur\u00eddicamente preguntarnos \u00bfc\u00f3mo es posible que el Poder Ejecutivo Federal piense en tener una facultad para ser sumiso ante el poder de la corrupci\u00f3n propiciada por la narco-pol\u00edtica?. \u00bfC\u00f3mo se explica que la voluntad de unos corruptos, como lo es el clan que dio inici\u00f3 a esa alianza del Estado con la delincuencia anule el C\u00f3digo Penal?.<\/p>\n<p>Nuevamente hoy la respuesta la tiene la Presidenta Constitucional.<\/p>\n<p>Es cu\u00e1nto.<\/p>\n<p><img data-recalc-dims=\"1\" loading=\"lazy\" decoding=\"async\" class=\"aligncenter size-full wp-image-78961\" src=\"https:\/\/i0.wp.com\/politicosaldesnudo.com.mx\/wp-content\/uploads\/2026\/01\/FIRMA-EDITORIAL-PD-7.jpg?resize=800%2C98&#038;ssl=1\" alt=\"\" width=\"800\" height=\"98\" srcset=\"https:\/\/i0.wp.com\/politicosaldesnudo.com.mx\/wp-content\/uploads\/2026\/01\/FIRMA-EDITORIAL-PD-7.jpg?w=1024&amp;ssl=1 1024w, https:\/\/i0.wp.com\/politicosaldesnudo.com.mx\/wp-content\/uploads\/2026\/01\/FIRMA-EDITORIAL-PD-7.jpg?resize=300%2C37&amp;ssl=1 300w, https:\/\/i0.wp.com\/politicosaldesnudo.com.mx\/wp-content\/uploads\/2026\/01\/FIRMA-EDITORIAL-PD-7.jpg?resize=768%2C94&amp;ssl=1 768w\" sizes=\"auto, (max-width: 800px) 100vw, 800px\" \/><\/p>\n","protected":false},"excerpt":{"rendered":"<p>La creciente tensi\u00f3n existente entre la justicia constitucional y la legitimidad democr\u00e1tica del segundo piso de la Cuarta Transformaci\u00f3n de<\/p>\n","protected":false},"author":4,"featured_media":75691,"comment_status":"closed","ping_status":"closed","sticky":false,"template":"","format":"standard","meta":{"colormag_page_container_layout":"default_layout","colormag_page_sidebar_layout":"default_layout","_jetpack_memberships_contains_paid_content":false,"footnotes":"","jetpack_publicize_message":"","jetpack_publicize_feature_enabled":true,"jetpack_social_post_already_shared":true,"jetpack_social_options":{"image_generator_settings":{"template":"highway","default_image_id":0,"font":"","enabled":false},"version":2}},"categories":[26],"tags":[],"class_list":["post-79041","post","type-post","status-publish","format-standard","has-post-thumbnail","hentry","category-columnistas"],"jetpack_publicize_connections":[],"jetpack_featured_media_url":"https:\/\/i0.wp.com\/politicosaldesnudo.com.mx\/wp-content\/uploads\/2025\/11\/WOODLRICH.jpg?fit=800%2C445&ssl=1","jetpack-related-posts":[],"jetpack_sharing_enabled":true,"_links":{"self":[{"href":"https:\/\/politicosaldesnudo.com.mx\/index.php\/wp-json\/wp\/v2\/posts\/79041","targetHints":{"allow":["GET"]}}],"collection":[{"href":"https:\/\/politicosaldesnudo.com.mx\/index.php\/wp-json\/wp\/v2\/posts"}],"about":[{"href":"https:\/\/politicosaldesnudo.com.mx\/index.php\/wp-json\/wp\/v2\/types\/post"}],"author":[{"embeddable":true,"href":"https:\/\/politicosaldesnudo.com.mx\/index.php\/wp-json\/wp\/v2\/users\/4"}],"replies":[{"embeddable":true,"href":"https:\/\/politicosaldesnudo.com.mx\/index.php\/wp-json\/wp\/v2\/comments?post=79041"}],"version-history":[{"count":0,"href":"https:\/\/politicosaldesnudo.com.mx\/index.php\/wp-json\/wp\/v2\/posts\/79041\/revisions"}],"wp:featuredmedia":[{"embeddable":true,"href":"https:\/\/politicosaldesnudo.com.mx\/index.php\/wp-json\/wp\/v2\/media\/75691"}],"wp:attachment":[{"href":"https:\/\/politicosaldesnudo.com.mx\/index.php\/wp-json\/wp\/v2\/media?parent=79041"}],"wp:term":[{"taxonomy":"category","embeddable":true,"href":"https:\/\/politicosaldesnudo.com.mx\/index.php\/wp-json\/wp\/v2\/categories?post=79041"},{"taxonomy":"post_tag","embeddable":true,"href":"https:\/\/politicosaldesnudo.com.mx\/index.php\/wp-json\/wp\/v2\/tags?post=79041"}],"curies":[{"name":"wp","href":"https:\/\/api.w.org\/{rel}","templated":true}]}}