{"id":7910,"date":"2022-07-18T03:14:54","date_gmt":"2022-07-18T08:14:54","guid":{"rendered":"https:\/\/politicosaldesnudo.com.mx\/?p=7910"},"modified":"2022-07-18T03:39:59","modified_gmt":"2022-07-18T08:39:59","slug":"tuxpan-emprende-reforestacion-en-el-marco-del-programa-fabriquemos-agua-reforestando","status":"publish","type":"post","link":"https:\/\/politicosaldesnudo.com.mx\/index.php\/2022\/07\/18\/tuxpan-emprende-reforestacion-en-el-marco-del-programa-fabriquemos-agua-reforestando\/","title":{"rendered":"Tuxpan emprende programa \u201cFabriquemos Agua Reforestando\u201d"},"content":{"rendered":"<p class=\"p2\"><span class=\"Apple-converted-space\">\u00a0<\/span><\/p>\n<p class=\"p1\"><span style=\"font-size: 18pt;\"><strong>&lt;&lt; Jos\u00e9 Manuel Pozos y la Directora del IVEV, Silvia Alejandre Prado, encabezaron las acciones &gt;&gt;<\/strong><\/span><\/p>\n<p class=\"p2\"><span class=\"Apple-converted-space\">\u00a0<\/span><span class=\"Apple-converted-space\" style=\"font-size: 14pt;\">\u00a0<\/span><\/p>\n<p class=\"p1\"><span style=\"font-size: 14pt;\"><em><strong>TUXPAN, Ver.\u00a0 <\/strong><\/em>En <strong>conmemoraci\u00f3n del D\u00eda del \u00c1rbol<\/strong> y en el marco de la campa\u00f1a <strong>\u201cFabriquemos Agua Reforestando\u201d<\/strong>, autoridades de los 3 niveles de gobierno, fuerzas armadas y sociedad civil participaron en acciones de reforestaci\u00f3n en la ribera del r\u00edo y camell\u00f3n del bulevar.<\/span><\/p>\n<p class=\"p1\"><span style=\"font-size: 18pt;\"><strong>El alcalde Jos\u00e9 Manuel Pozos Castro dijo que es muy grato que ver c\u00f3mo la sociedad participa con el gobierno en la recuperaci\u00f3n de los ecosistemas, con el objetivo de tener un lugar m\u00e1s sustentable para vivir.<\/strong><\/span><\/p>\n<p><img data-recalc-dims=\"1\" loading=\"lazy\" decoding=\"async\" class=\"aligncenter wp-image-7911 size-large\" src=\"https:\/\/i0.wp.com\/politicosaldesnudo.com.mx\/wp-content\/uploads\/2022\/07\/P-REFORESTACIO%CC%81N-TUXPAN1-1024x573.png?resize=800%2C448&#038;ssl=1\" alt=\"\" width=\"800\" height=\"448\" srcset=\"https:\/\/i0.wp.com\/politicosaldesnudo.com.mx\/wp-content\/uploads\/2022\/07\/P-REFORESTACIO%CC%81N-TUXPAN1.png?resize=1024%2C573&amp;ssl=1 1024w, https:\/\/i0.wp.com\/politicosaldesnudo.com.mx\/wp-content\/uploads\/2022\/07\/P-REFORESTACIO%CC%81N-TUXPAN1.png?resize=300%2C168&amp;ssl=1 300w, https:\/\/i0.wp.com\/politicosaldesnudo.com.mx\/wp-content\/uploads\/2022\/07\/P-REFORESTACIO%CC%81N-TUXPAN1.png?resize=768%2C430&amp;ssl=1 768w, https:\/\/i0.wp.com\/politicosaldesnudo.com.mx\/wp-content\/uploads\/2022\/07\/P-REFORESTACIO%CC%81N-TUXPAN1.png?resize=1536%2C859&amp;ssl=1 1536w, https:\/\/i0.wp.com\/politicosaldesnudo.com.mx\/wp-content\/uploads\/2022\/07\/P-REFORESTACIO%CC%81N-TUXPAN1.png?w=1816&amp;ssl=1 1816w, https:\/\/i0.wp.com\/politicosaldesnudo.com.mx\/wp-content\/uploads\/2022\/07\/P-REFORESTACIO%CC%81N-TUXPAN1.png?w=1600&amp;ssl=1 1600w\" sizes=\"auto, (max-width: 800px) 100vw, 800px\" \/><\/p>\n<p>&nbsp;<\/p>\n<blockquote>\n<p class=\"p1\"><span style=\"font-size: 14pt;\">La presencia de todos ustedes nos confirma su gran compromiso y el inter\u00e9s genuino con la comunidad, con la naturaleza y el medio ambiente\u201d<\/span><\/p>\n<\/blockquote>\n<p class=\"p1\"><span style=\"font-size: 18pt;\"><strong>Felicit\u00f3 a la Secretar\u00eda del Medio Ambiente y a todas las dependencias estatales que participan en este proyecto que contribuye a la restauraci\u00f3n ecol\u00f3gica.<\/strong><\/span><\/p>\n<p class=\"p1\"><span style=\"font-size: 14pt;\">Indic\u00f3 que con estas acciones y con el respaldo de todos, en Tuxpan se est\u00e1 dando cumplimiento a los Objetivos de Desarrollo Sostenible de la Agenda 2030.<\/span><\/p>\n<p class=\"p1\"><span style=\"font-size: 18pt;\"><strong>Destac\u00f3 la importancia de la reforestaci\u00f3n, ya que en \u00e1reas arboladas se obtiene una mayor filtraci\u00f3n de agua, lo que ayuda a recarga los mantos acu\u00edferos. Adem\u00e1s de que los \u00e1rboles purifican el aire, sirven como refugios para la fauna, evitan la erosi\u00f3n y mejoran el paisaje urbano.<\/strong><\/span><\/p>\n<p><img data-recalc-dims=\"1\" loading=\"lazy\" decoding=\"async\" class=\"aligncenter wp-image-7915 size-large\" src=\"https:\/\/i0.wp.com\/politicosaldesnudo.com.mx\/wp-content\/uploads\/2022\/07\/P-REFORESTACIO%CC%81N-TUXPAN6-1024x573.png?resize=800%2C448&#038;ssl=1\" alt=\"\" width=\"800\" height=\"448\" srcset=\"https:\/\/i0.wp.com\/politicosaldesnudo.com.mx\/wp-content\/uploads\/2022\/07\/P-REFORESTACIO%CC%81N-TUXPAN6.png?resize=1024%2C573&amp;ssl=1 1024w, https:\/\/i0.wp.com\/politicosaldesnudo.com.mx\/wp-content\/uploads\/2022\/07\/P-REFORESTACIO%CC%81N-TUXPAN6.png?resize=300%2C168&amp;ssl=1 300w, https:\/\/i0.wp.com\/politicosaldesnudo.com.mx\/wp-content\/uploads\/2022\/07\/P-REFORESTACIO%CC%81N-TUXPAN6.png?resize=768%2C430&amp;ssl=1 768w, https:\/\/i0.wp.com\/politicosaldesnudo.com.mx\/wp-content\/uploads\/2022\/07\/P-REFORESTACIO%CC%81N-TUXPAN6.png?resize=1536%2C859&amp;ssl=1 1536w, https:\/\/i0.wp.com\/politicosaldesnudo.com.mx\/wp-content\/uploads\/2022\/07\/P-REFORESTACIO%CC%81N-TUXPAN6.png?w=1816&amp;ssl=1 1816w, https:\/\/i0.wp.com\/politicosaldesnudo.com.mx\/wp-content\/uploads\/2022\/07\/P-REFORESTACIO%CC%81N-TUXPAN6.png?w=1600&amp;ssl=1 1600w\" sizes=\"auto, (max-width: 800px) 100vw, 800px\" \/><\/p>\n<p>&nbsp;<\/p>\n<blockquote>\n<p class=\"p1\"><span style=\"font-size: 14pt;\">Hoy ser\u00e1 un buen d\u00eda para Tuxpan y para todos, hoy tenemos que recuperar el Tuxpan hermoso de hace muchos a\u00f1os que ten\u00eda una arboleda muy hermosa, es lo que vamos a recuperar, para que Tuxpan siga siendo reconocido como el Puerto de los Bellos Atardeceres\u201d<\/span><\/p>\n<\/blockquote>\n<p class=\"p1\"><span style=\"font-size: 14pt;\">Esta campa\u00f1a estuvo encabezada por el presidente municipal Jos\u00e9 Manuel Pozos Castro; la Mtra. Silvia Alejandre Prado, directora del Instituto Veracruzano de la Cultura (IVEC); el General de Brigada Diplomado de Estado Mayor Gaudencio Garc\u00eda Rodr\u00edguez, Comandante de la 19\u00aa Zona Militar y el Biol. Benito Mart\u00ednez Rivera, en representaci\u00f3n de la Secretar\u00eda de Medio Ambiente del Estado de Veracruz (Sedema).<\/span><\/p>\n<p><img data-recalc-dims=\"1\" loading=\"lazy\" decoding=\"async\" class=\"aligncenter wp-image-7914 size-large\" src=\"https:\/\/i0.wp.com\/politicosaldesnudo.com.mx\/wp-content\/uploads\/2022\/07\/P-REFORESTACIO%CC%81N-TUXPAN4-1024x573.png?resize=800%2C448&#038;ssl=1\" alt=\"\" width=\"800\" height=\"448\" srcset=\"https:\/\/i0.wp.com\/politicosaldesnudo.com.mx\/wp-content\/uploads\/2022\/07\/P-REFORESTACIO%CC%81N-TUXPAN4.png?resize=1024%2C573&amp;ssl=1 1024w, https:\/\/i0.wp.com\/politicosaldesnudo.com.mx\/wp-content\/uploads\/2022\/07\/P-REFORESTACIO%CC%81N-TUXPAN4.png?resize=300%2C168&amp;ssl=1 300w, https:\/\/i0.wp.com\/politicosaldesnudo.com.mx\/wp-content\/uploads\/2022\/07\/P-REFORESTACIO%CC%81N-TUXPAN4.png?resize=768%2C430&amp;ssl=1 768w, https:\/\/i0.wp.com\/politicosaldesnudo.com.mx\/wp-content\/uploads\/2022\/07\/P-REFORESTACIO%CC%81N-TUXPAN4.png?resize=1536%2C859&amp;ssl=1 1536w, https:\/\/i0.wp.com\/politicosaldesnudo.com.mx\/wp-content\/uploads\/2022\/07\/P-REFORESTACIO%CC%81N-TUXPAN4.png?w=1816&amp;ssl=1 1816w, https:\/\/i0.wp.com\/politicosaldesnudo.com.mx\/wp-content\/uploads\/2022\/07\/P-REFORESTACIO%CC%81N-TUXPAN4.png?w=1600&amp;ssl=1 1600w\" sizes=\"auto, (max-width: 800px) 100vw, 800px\" \/><\/p>\n<p>&nbsp;<\/p>\n<p class=\"p1\"><span style=\"font-size: 14pt;\">Al evento tambi\u00e9n asistieron la Teniente de Nav\u00edo Sia. Ingeniera Qu\u00edmica Julia L\u00f3pez Maldonado, en representaci\u00f3n del Contralmirante Cuerpo General Diplomado de Estado Mayor Juan Carlos Vera Salinas, comandante del Sector Naval Tuxpan; el Oficial Rub\u00e9n Antonio Morales N\u00e1jera en representaci\u00f3n de la Guardia Nacional en Tuxpan; directores y coordinadores de las diferentes \u00e1reas del Ayuntamiento de Tuxpan.<\/span><\/p>\n<p><img data-recalc-dims=\"1\" loading=\"lazy\" decoding=\"async\" class=\"aligncenter wp-image-7916 size-large\" src=\"https:\/\/i0.wp.com\/politicosaldesnudo.com.mx\/wp-content\/uploads\/2022\/07\/P-REFORESTACIO%CC%81N-TUXPAN7-1024x573.png?resize=800%2C448&#038;ssl=1\" alt=\"\" width=\"800\" height=\"448\" srcset=\"https:\/\/i0.wp.com\/politicosaldesnudo.com.mx\/wp-content\/uploads\/2022\/07\/P-REFORESTACIO%CC%81N-TUXPAN7.png?resize=1024%2C573&amp;ssl=1 1024w, https:\/\/i0.wp.com\/politicosaldesnudo.com.mx\/wp-content\/uploads\/2022\/07\/P-REFORESTACIO%CC%81N-TUXPAN7.png?resize=300%2C168&amp;ssl=1 300w, https:\/\/i0.wp.com\/politicosaldesnudo.com.mx\/wp-content\/uploads\/2022\/07\/P-REFORESTACIO%CC%81N-TUXPAN7.png?resize=768%2C430&amp;ssl=1 768w, https:\/\/i0.wp.com\/politicosaldesnudo.com.mx\/wp-content\/uploads\/2022\/07\/P-REFORESTACIO%CC%81N-TUXPAN7.png?resize=1536%2C859&amp;ssl=1 1536w, https:\/\/i0.wp.com\/politicosaldesnudo.com.mx\/wp-content\/uploads\/2022\/07\/P-REFORESTACIO%CC%81N-TUXPAN7.png?w=1816&amp;ssl=1 1816w, https:\/\/i0.wp.com\/politicosaldesnudo.com.mx\/wp-content\/uploads\/2022\/07\/P-REFORESTACIO%CC%81N-TUXPAN7.png?w=1600&amp;ssl=1 1600w\" sizes=\"auto, (max-width: 800px) 100vw, 800px\" \/><\/p>\n<p>&nbsp;<\/p>\n<p class=\"p1\"><span style=\"font-size: 14pt;\">De la misma manera las regidoras y regidores Anah\u00ed Aguilar L\u00f3pez, comisionada en Medio Ambiente; Lucero Res\u00e9ndis Ambrocio y el regidor Luis Demetrio L\u00f3pez Mar\u00edn<\/span><\/p>\n<p class=\"p1\"><span style=\"font-size: 18pt;\"><strong>Con la importante participaci\u00f3n de personal de la Sedena, Secretar\u00eda de Marina, Guardia Nacional, servidores p\u00fablicos, los alumnos del Conalep 165 \u201cJes\u00fas Reyes Heroles\u201d y ciudadan\u00eda en general, se plantaron a lo largo de 4 kil\u00f3metros m\u00e1s de 200 \u00e1rboles de caoba y 500 de palo de rosa, lluvia de oro, framboyanes, primaveras y palmeras, que fueron donados por el \u00c1rea de Conservaci\u00f3n San Basilio.<\/strong><\/span><\/p>\n<p><img data-recalc-dims=\"1\" loading=\"lazy\" decoding=\"async\" class=\"aligncenter wp-image-7918 size-large\" src=\"https:\/\/i0.wp.com\/politicosaldesnudo.com.mx\/wp-content\/uploads\/2022\/07\/P-REFORESTACIO%CC%81N-TUXPAN10-1024x573.png?resize=800%2C448&#038;ssl=1\" alt=\"\" width=\"800\" height=\"448\" srcset=\"https:\/\/i0.wp.com\/politicosaldesnudo.com.mx\/wp-content\/uploads\/2022\/07\/P-REFORESTACIO%CC%81N-TUXPAN10.png?resize=1024%2C573&amp;ssl=1 1024w, https:\/\/i0.wp.com\/politicosaldesnudo.com.mx\/wp-content\/uploads\/2022\/07\/P-REFORESTACIO%CC%81N-TUXPAN10.png?resize=300%2C168&amp;ssl=1 300w, https:\/\/i0.wp.com\/politicosaldesnudo.com.mx\/wp-content\/uploads\/2022\/07\/P-REFORESTACIO%CC%81N-TUXPAN10.png?resize=768%2C430&amp;ssl=1 768w, https:\/\/i0.wp.com\/politicosaldesnudo.com.mx\/wp-content\/uploads\/2022\/07\/P-REFORESTACIO%CC%81N-TUXPAN10.png?resize=1536%2C859&amp;ssl=1 1536w, https:\/\/i0.wp.com\/politicosaldesnudo.com.mx\/wp-content\/uploads\/2022\/07\/P-REFORESTACIO%CC%81N-TUXPAN10.png?w=1816&amp;ssl=1 1816w, https:\/\/i0.wp.com\/politicosaldesnudo.com.mx\/wp-content\/uploads\/2022\/07\/P-REFORESTACIO%CC%81N-TUXPAN10.png?w=1600&amp;ssl=1 1600w\" sizes=\"auto, (max-width: 800px) 100vw, 800px\" \/><\/p>\n<p>&nbsp;<\/p>\n<p>&nbsp;<\/p>\n<p>&nbsp;<\/p>\n","protected":false},"excerpt":{"rendered":"<p>\u00a0 &lt;&lt; Jos\u00e9 Manuel Pozos y la Directora del IVEV, Silvia Alejandre Prado, encabezaron las acciones &gt;&gt; \u00a0\u00a0 TUXPAN, Ver.\u00a0<\/p>\n","protected":false},"author":4,"featured_media":7917,"comment_status":"closed","ping_status":"closed","sticky":false,"template":"","format":"standard","meta":{"colormag_page_container_layout":"default_layout","colormag_page_sidebar_layout":"default_layout","_jetpack_memberships_contains_paid_content":false,"footnotes":"","jetpack_publicize_message":"","jetpack_publicize_feature_enabled":true,"jetpack_social_post_already_shared":false,"jetpack_social_options":{"image_generator_settings":{"template":"highway","default_image_id":0,"font":"","enabled":false},"version":2}},"categories":[1082],"tags":[1162,576,1163,70,100],"class_list":["post-7910","post","type-post","status-publish","format-standard","has-post-thumbnail","hentry","category-tuxpan","tag-dia-del-arbol","tag-jose-manuel-pozos","tag-medio-ambiente","tag-tuxpan","tag-veracruz"],"jetpack_publicize_connections":[],"jetpack_featured_media_url":"https:\/\/i0.wp.com\/politicosaldesnudo.com.mx\/wp-content\/uploads\/2022\/07\/P-REFORESTACIO%CC%81N-TUXPAN8.png?fit=1816%2C1016&ssl=1","jetpack-related-posts":[],"jetpack_sharing_enabled":true,"_links":{"self":[{"href":"https:\/\/politicosaldesnudo.com.mx\/index.php\/wp-json\/wp\/v2\/posts\/7910","targetHints":{"allow":["GET"]}}],"collection":[{"href":"https:\/\/politicosaldesnudo.com.mx\/index.php\/wp-json\/wp\/v2\/posts"}],"about":[{"href":"https:\/\/politicosaldesnudo.com.mx\/index.php\/wp-json\/wp\/v2\/types\/post"}],"author":[{"embeddable":true,"href":"https:\/\/politicosaldesnudo.com.mx\/index.php\/wp-json\/wp\/v2\/users\/4"}],"replies":[{"embeddable":true,"href":"https:\/\/politicosaldesnudo.com.mx\/index.php\/wp-json\/wp\/v2\/comments?post=7910"}],"version-history":[{"count":0,"href":"https:\/\/politicosaldesnudo.com.mx\/index.php\/wp-json\/wp\/v2\/posts\/7910\/revisions"}],"wp:featuredmedia":[{"embeddable":true,"href":"https:\/\/politicosaldesnudo.com.mx\/index.php\/wp-json\/wp\/v2\/media\/7917"}],"wp:attachment":[{"href":"https:\/\/politicosaldesnudo.com.mx\/index.php\/wp-json\/wp\/v2\/media?parent=7910"}],"wp:term":[{"taxonomy":"category","embeddable":true,"href":"https:\/\/politicosaldesnudo.com.mx\/index.php\/wp-json\/wp\/v2\/categories?post=7910"},{"taxonomy":"post_tag","embeddable":true,"href":"https:\/\/politicosaldesnudo.com.mx\/index.php\/wp-json\/wp\/v2\/tags?post=7910"}],"curies":[{"name":"wp","href":"https:\/\/api.w.org\/{rel}","templated":true}]}}