{"id":793,"date":"2021-12-21T21:16:10","date_gmt":"2021-12-22T03:16:10","guid":{"rendered":"https:\/\/politicosaldesnudo.com.mx\/?p=793"},"modified":"2023-03-20T00:54:19","modified_gmt":"2023-03-20T06:54:19","slug":"colosio-es-una-ideologia-no-es-una-marca","status":"publish","type":"post","link":"https:\/\/politicosaldesnudo.com.mx\/index.php\/2021\/12\/21\/colosio-es-una-ideologia-no-es-una-marca\/","title":{"rendered":"Colosio es una ideolog\u00eda, no es una marca"},"content":{"rendered":"<h5 class=\"p1\">Por Dra. Zaida Alicia Llad\u00f3 Castillo<span class=\"Apple-converted-space\">\u00a0<\/span><\/h5>\n<p class=\"p2\">A los verdaderos pol\u00edticos se les debe distinguir, entre otras cosas, con algo que es de gran valor para su actuaci\u00f3n y toma de decisiones asertivas, su <b>inteligencia emocional. <\/b>Y sobre este tema ya he escrito en otro momento, pero hoy lo retomo.<b><span class=\"Apple-converted-space\">\u00a0<\/span><\/b><\/p>\n<p class=\"p2\">La <b><i>inteligencia emocional<\/i><\/b> (IE), surge como respuesta a lo que por d\u00e9cadas se afirmaba que, el cerebro solo pose\u00eda la inteligencia racional, que se med\u00eda por el coeficiente intelectual (IQ), descubri\u00e9ndose posteriormente que existe otra parte que opera los procesos emocionales.<span class=\"Apple-converted-space\">\u00a0 <\/span>\u201c<b><i>Tenemos 2 funciones en el cerebro y dos clases diferentes de inteligencia: la inteligencia racional y la inteligencia emocional y nuestro funcionamiento en la vida esta determinado por ambos (\u2026) nuestra intenci\u00f3n es descubrir el modo inteligente de armonizar ambas funciones<\/i><\/b>\u201d (Golleman D. 1996).<b><i><span class=\"Apple-converted-space\">\u00a0<\/span><\/i><\/b><\/p>\n<p class=\"p2\">Luego entonces, una persona con \u201c<b><i>inteligencia emocional\u201d,<\/i><\/b> posee la capacidad del autocontrol, el entusiasmo, la perseverancia y la capacidad para motivarse, pero tambi\u00e9n la habilidad para mantener en equilibrio sus propios sentimientos, el car\u00e1cter, los impulsos, as\u00ed como de demostrar tolerancia para no perder claridad y en base a ello, tomar decisiones equilibradas e inteligentes. Por lo tanto, la IE, permite a los individuos, controlar sus estados de \u00e1nimo, saber responder apropiadamente ante las situaciones fortuitas o complicadas como aquellas que no lo son y desde luego, demostrar una gran capacidad para fomentar equilibrios y empat\u00eda con otras personas.<span class=\"Apple-converted-space\">\u00a0 <\/span>Y ese tipo de habilidades y capacidades son muy importantes en la vida y \u00fatiles para saber reaccionar en los diferentes contextos en que todos nos desenvolvemos.<span class=\"Apple-converted-space\">\u00a0<\/span><\/p>\n<p class=\"p2\">Y si hay un contexto en el que se hace vital el poseer y aplicar la inteligencia emocional, es el contexto pol\u00edtico. Y basta solo ver la actuaci\u00f3n de los l\u00edderes de Estado, parlamentarios, de los partidos pol\u00edticos, etc., en nuestro pa\u00eds y en el mundo, para medirlos en sus respuestas y acciones. Particularmente cuando desde los espacios del poder o como figuras p\u00fablicas, son entrevistados, hacen uso de una tribuna o expresan alg\u00fan discurso. Y ah\u00ed es donde deben estos probar y controlar sus emociones y sobre todo superar sus inseguridades, para no divagar, perder el piso o de plano evitar decir\u2026estupideces.<span class=\"Apple-converted-space\">\u00a0<\/span><\/p>\n<p class=\"p2\">Y a que viene mi comentario.<strong> Porque lamentable tengo que hacer una seria cr\u00edtica a la forma en que reaccion\u00f3 recientemente Alejandro Moreno C\u00e1rdenas, presidente del CEN del PRI, al referirse al hijo de Luis Donaldo Colosio Murrieta, en una entrevista que le hiciera -a inicios del mes de diciembre-, Roberto Zamarripa del Grupo Reforma, y que desde mi particular opini\u00f3n fue muy desafortunada. Y los medios se encargaron de hacer sus cr\u00edticas en su momento, como era natural.<span class=\"Apple-converted-space\">\u00a0<\/span><\/strong><\/p>\n<p class=\"p2\">En esa entrevista, a Moreno C\u00e1rdenas le gan\u00f3 la emoci\u00f3n, y sus respuestas en relaci\u00f3n con la figura del hijo de Luis Donaldo Colosio Murrieta, no las pens\u00f3 y demostrando una baja tolerancia- inteligencia emocional-, no dimension\u00f3 el alcance de \u00e9stas al comentar: <i>\u201cEl nombre de Luis Donaldo Colosio es priista. Tu lleva al joven Colosio a Campeche a ver qui\u00e9n lo reconoce. \u00c9l tiene el nombre y el nombre es de un priista\u201d. <\/i><span class=\"s1\"><i>\u201cEse nombre sale porque tiene reconocimiento del PRI, el joven Colosio puede ir a cualquier lugar de la Rep\u00fablica y se para y no lo conocen en ning\u00fan pueblo (\u2026)\u00a0<\/i><b>Su pap\u00e1 hizo todo en el PRI, el PRI le dio todas las oportunidades a su padre, no entiendo por qu\u00e9 no est\u00e1 en el PRI<\/b> \u201c<i>, asegur\u00f3 Moreno C\u00e1rdenas.<\/i><\/span><\/p>\n<p class=\"p2\">Lamentablemente todas estas frases se interpretaron como ofensa a Colosio hijo, lo que dudo hayan tenido esa intenci\u00f3n. Sin embargo, eso pasa muy seguido a muchos pol\u00edticos. En ocasiones les ganan los nervios, en otras las v\u00edsceras, el protagonismo, y en m\u00e1s de las veces la soberbia.<span class=\"Apple-converted-space\">\u00a0<\/span><\/p>\n<p class=\"p2\">Pero sea cual fuere el motivo, la realidad es que el resultado es p\u00e9simo. Porque una entrevista que fue convocada hacia un tema en especial, &#8211; los temas de la 23 Asamblea Nacional, misma que se celebr\u00f3 el pasado 11 de diciembre-, se desvi\u00f3 y cometi\u00f3 el error garrafal de tocar al hijo de Colosio y descalificarlo como una figura con pocas probabilidades de triunfar en el 2024, cuando que algunas encuestas lo colocan en un lugar competitivo. Y lo \u00fanico que logr\u00f3, fue, por una parte, darle notoriedad y, por otra, urgir el avispero en el partido MC.<span class=\"Apple-converted-space\">\u00a0<\/span><\/p>\n<blockquote>\n<p class=\"p2\">Yo no dudo que Alejandro Moreno sea una persona inteligente, -lo puede ser para muchas cosas-, pero s\u00ed creo que le falla el control de sus emociones cuando se sale del script o le gana el protagonismo y ello, afecta la concentraci\u00f3n. Por ello se cometieron 2 errores serios:<\/p>\n<\/blockquote>\n<p><strong>1.-Confundir el nombre de Colosio como marca y no como ideolog\u00eda.<span class=\"Apple-converted-space\">\u00a0<\/span><\/strong><\/p>\n<p class=\"p2\">Colosio fue y seguir\u00e1 siendo una figura extraordinaria dentro del PRI, sin duda. Y es claro que su vida pol\u00edtica la hizo en este. Ah\u00ed se form\u00f3, luch\u00f3, aport\u00f3 y recibi\u00f3 todo, no solo oportunidades sino tambi\u00e9n el afecto de la militancia y de los mexicanos en general.<span class=\"Apple-converted-space\">\u00a0<\/span><\/p>\n<p class=\"p2\">Pero Colosio no trasciende, por su apellido- <b>no es una marca<\/b>-, sino por el valor de sus ideas y de sus actos en congruencia, en el servicio p\u00fablico, como l\u00edder nacional y como un hombre que crey\u00f3, idealiz\u00f3 y procur\u00f3 lo mejor para el pa\u00eds. Y como \u00e9l existen otras figuras muy importantes en el PRI. Y pongo un ejemplo con otro personaje emblem\u00e1tico, Don Jes\u00fas Reyes Heroles, excelente pol\u00edtico y funcionario p\u00fablico, cuya figura tambi\u00e9n ha trascendido por el valor de sus aportaciones en la vida p\u00fablica, en sus libros, comentarios, frases, etc., y debido a ello, su figura es un orgullo dentro de este instituto pol\u00edtico y para M\u00e9xico. Y aunque sus hijos quiz\u00e1s no sean priistas, nunca han discutido los m\u00e9ritos que le son reconocidos a su padre, dentro de la instituci\u00f3n pol\u00edtica en que milit\u00f3 \u00e9ste. Y es el mismo caso de Colosio Murrieta, como figura de primer nivel en este partido.<span class=\"Apple-converted-space\">\u00a0<\/span><\/p>\n<p class=\"p2\">Luego entonces, el considerar el nombre de Colosio como una \u201cmarca\u201d registrada por el PRI se me hace un exceso, solo suponerlo. Lo que s\u00ed es parte del PRI, sin duda, es su ideario, el <b>IDEARIO COLOSISTA.<\/b> Porque fueron sus ideas las que dieron forma a un legado que dejo a esta instituci\u00f3n para ser utilizado, especialmente cuando el PRI perdiera el rumbo. <b>Aspecto que deber\u00edan tomar muy en serio los l\u00edderes actuales<\/b>. No se debe olvidar que Colosio, fue el creador de la Fundaci\u00f3n Cambio XXI en mayo de 1991 (hoy Fundaci\u00f3n Colosio), que sustituy\u00f3 a los hist\u00f3ricos CEPES (1970-1991), el IEPES (1976-1991) y que fue producto de los acuerdos de la 14\u00aa Asamblea Nacional, instancia que \u00e9l eligi\u00f3 para dar entrada a sus propuestas de cambio.<span class=\"Apple-converted-space\">\u00a0<\/span><\/p>\n<p>&nbsp;<\/p>\n<p class=\"p2\"><b>2.-La reacci\u00f3n de Colosio Riojas.<span class=\"Apple-converted-space\">\u00a0<\/span><\/b><\/p>\n<blockquote>\n<p class=\"p2\">La reacci\u00f3n de parte de Colosio Riojas,<span class=\"Apple-converted-space\">\u00a0 <\/span>no se hizo esperar y de esta manera contest\u00f3: \u201cAsumen ( el PRI) que eso ( el apellido) les pertenece cuando realmente lo han ultrajado en muchas ocasiones y por supuesto que mi padre fue priista y lo que m\u00e1s fue su vocaci\u00f3n como militante, incluso como presidente de partido fue reformar ese partido de ra\u00edz para realmente llevarlo al siguiente nivel, a una profunda vocaci\u00f3n al servicio por M\u00e9xico y fue una reforma que le cost\u00f3 much\u00edsimo esfuerzo y que al final del d\u00eda quedo truncada porque no le permitieron que prosperara\u201d.<span class=\"Apple-converted-space\">\u00a0<\/span><\/p>\n<\/blockquote>\n<p class=\"p2\">Y como no ha de odiar todo lo que huela al PRI, Colosio Riojas, si desde los 10 a\u00f1os carg\u00f3 el resentimiento que fue alimentado principalmente, por Agust\u00edn Basabe y familia, quien fuera amigo personal y asesor de L.D. Colosio Murrieta cuando estuvo en el PRI y, que despu\u00e9s de su muerte no super\u00f3 la frustraci\u00f3n y le aliment\u00f3 el resentimiento a su hijo, as\u00ed como a todo lo que oliera a estas siglas. Por lo tanto, la imagen negativa que tiene del PRI, Colosio Jr, es lo que recibi\u00f3 desde que era ni\u00f1o y nunca se dio \u00e9ste la oportunidad de conocer m\u00e1s a ese partido y menos el ideario que defendi\u00f3 su propio padre.<span class=\"Apple-converted-space\">\u00a0<\/span><\/p>\n<p class=\"p2\">Y aqu\u00ed nuevamente, aludo a la <b><i>inteligencia emocional<\/i><\/b> de los pol\u00edticos, que no la usan o no la tienen simplemente. A algunos porque les faltan tablas, y a otros porque en su af\u00e1n protag\u00f3nico, nerviosismo o falta de habilidad para controlar sus emociones les hace cometer errores que, en pol\u00edtica, cuestan y mucho. <span class=\"Apple-converted-space\">\u00a0<\/span><\/p>\n<p class=\"p2\">En fin, los actores pol\u00edticos -sean mujeres o varones-, deben prepararse siempre y aprender m\u00e1s de sus errores. Deben de dejar a un lado a los aduladores, a los aplaudidores, a los cuates que les dicen que s\u00ed a todo y cambiarlos por gente preparada que les hable con conocimiento y con la verdad. Porque o\u00edr alabanzas solo refuerza la vanidad de \u00e9ste, pero no su seguridad personal y menos les asegura buenos resultados.<span class=\"Apple-converted-space\">\u00a0<\/span><\/p>\n<p class=\"p2\"><strong>Lo que deben hacer es preocuparse por conocer m\u00e1s la realidad, su agenda y entorno; saber discernir, responder y actuar apropiadamente en el ejercicio p\u00fablico<\/strong> y ser sensible a los estados de \u00e1nimo, temperamentos, motivaciones personales y deseos de los grupos con quien deben tomar acuerdos-coincidan o no con ellos-; en suma, entrenarse para hacer uso de su inteligencia racional y emocional, porque ello les puede garantizar desarrollar un papel de liderazgo centrado en la capacidad, el equilibrio, la tolerancia , el respeto<span class=\"Apple-converted-space\">\u00a0 <\/span>y el entendimiento con sus representados. Aspectos que deber\u00edan de tomarse muy en serio en la actualidad.<span class=\"Apple-converted-space\">\u00a0<\/span><\/p>\n<p class=\"p2\"><strong>Gracias y hasta la pr\u00f3xima.<span class=\"Apple-converted-space\">\u00a0<\/span><\/strong><\/p>\n","protected":false},"excerpt":{"rendered":"<p>Por Dra. Zaida Alicia Llad\u00f3 Castillo\u00a0 A los verdaderos pol\u00edticos se les debe distinguir, entre otras cosas, con algo que<\/p>\n","protected":false},"author":1,"featured_media":794,"comment_status":"closed","ping_status":"closed","sticky":false,"template":"","format":"standard","meta":{"colormag_page_container_layout":"default_layout","colormag_page_sidebar_layout":"default_layout","_jetpack_memberships_contains_paid_content":false,"footnotes":"","jetpack_publicize_message":"","jetpack_publicize_feature_enabled":true,"jetpack_social_post_already_shared":false,"jetpack_social_options":{"image_generator_settings":{"template":"highway","default_image_id":0,"font":"","enabled":false},"version":2}},"categories":[26],"tags":[],"class_list":["post-793","post","type-post","status-publish","format-standard","has-post-thumbnail","hentry","category-columnistas"],"jetpack_publicize_connections":[],"jetpack_featured_media_url":"https:\/\/i0.wp.com\/politicosaldesnudo.com.mx\/wp-content\/uploads\/2021\/12\/DRA.-ZAIDA-LLADO%CC%81.png?fit=1816%2C1016&ssl=1","jetpack-related-posts":[],"jetpack_sharing_enabled":true,"_links":{"self":[{"href":"https:\/\/politicosaldesnudo.com.mx\/index.php\/wp-json\/wp\/v2\/posts\/793","targetHints":{"allow":["GET"]}}],"collection":[{"href":"https:\/\/politicosaldesnudo.com.mx\/index.php\/wp-json\/wp\/v2\/posts"}],"about":[{"href":"https:\/\/politicosaldesnudo.com.mx\/index.php\/wp-json\/wp\/v2\/types\/post"}],"author":[{"embeddable":true,"href":"https:\/\/politicosaldesnudo.com.mx\/index.php\/wp-json\/wp\/v2\/users\/1"}],"replies":[{"embeddable":true,"href":"https:\/\/politicosaldesnudo.com.mx\/index.php\/wp-json\/wp\/v2\/comments?post=793"}],"version-history":[{"count":0,"href":"https:\/\/politicosaldesnudo.com.mx\/index.php\/wp-json\/wp\/v2\/posts\/793\/revisions"}],"wp:featuredmedia":[{"embeddable":true,"href":"https:\/\/politicosaldesnudo.com.mx\/index.php\/wp-json\/wp\/v2\/media\/794"}],"wp:attachment":[{"href":"https:\/\/politicosaldesnudo.com.mx\/index.php\/wp-json\/wp\/v2\/media?parent=793"}],"wp:term":[{"taxonomy":"category","embeddable":true,"href":"https:\/\/politicosaldesnudo.com.mx\/index.php\/wp-json\/wp\/v2\/categories?post=793"},{"taxonomy":"post_tag","embeddable":true,"href":"https:\/\/politicosaldesnudo.com.mx\/index.php\/wp-json\/wp\/v2\/tags?post=793"}],"curies":[{"name":"wp","href":"https:\/\/api.w.org\/{rel}","templated":true}]}}