{"id":7980,"date":"2022-07-19T20:49:57","date_gmt":"2022-07-20T01:49:57","guid":{"rendered":"https:\/\/politicosaldesnudo.com.mx\/?p=7980"},"modified":"2022-07-19T21:23:09","modified_gmt":"2022-07-20T02:23:09","slug":"descubren-van-gogh-inedito-detras-de-uno-de-sus-cuadros","status":"publish","type":"post","link":"https:\/\/politicosaldesnudo.com.mx\/index.php\/2022\/07\/19\/descubren-van-gogh-inedito-detras-de-uno-de-sus-cuadros\/","title":{"rendered":"Descubren Van Gogh in\u00e9dito detr\u00e1s de uno de sus cuadros"},"content":{"rendered":"<p>&nbsp;<\/p>\n<p class=\"p1\"><span style=\"font-size: 14pt;\"><em><strong>ESCOCIA, Edimburgo.<\/strong><\/em> Un <strong>autorretrato in\u00e9dito de Vincent Van Gogh<\/strong> de m\u00e1s de <strong>un siglo de antig\u00fcedad<\/strong> fue hallado detr\u00e1s de otra tela del pintor holand\u00e9s, inform\u00f3 la Galer\u00eda Nacional de Escocia, aludiendo a un descubrimiento \u201cincre\u00edblemente excepcional\u201d.<\/span><\/p>\n<p class=\"p1\"><span style=\"font-size: 18pt;\"><strong>La obra fue descubierta gracias a un estudio con rayos X de la tela \u201cRetrato de una campesina\u201d, realizado en 1885 por Van Gogh, previo a\u00a0una exposici\u00f3n sobre el impresionismo en la Galer\u00eda Nacional de Escocia.<span class=\"Apple-converted-space\">\u00a0<\/span><\/strong><\/span><\/p>\n<p class=\"p1\"><span style=\"font-size: 18pt;\"><strong>El retrato fue hallado en la parte de atr\u00e1s de la tela, recubierto por capas de pegamento y cart\u00f3n, que al parecer hab\u00edan sido colocadas antes de una exposici\u00f3n a principios del Siglo XX.<\/strong><\/span><\/p>\n<p>&nbsp;<\/p>\n<p><img data-recalc-dims=\"1\" loading=\"lazy\" decoding=\"async\" class=\"aligncenter wp-image-7983 size-large\" src=\"https:\/\/i0.wp.com\/politicosaldesnudo.com.mx\/wp-content\/uploads\/2022\/07\/P-VANGOHN3-796x1024.png?resize=796%2C1024&#038;ssl=1\" alt=\"\" width=\"796\" height=\"1024\" srcset=\"https:\/\/i0.wp.com\/politicosaldesnudo.com.mx\/wp-content\/uploads\/2022\/07\/P-VANGOHN3.png?resize=796%2C1024&amp;ssl=1 796w, https:\/\/i0.wp.com\/politicosaldesnudo.com.mx\/wp-content\/uploads\/2022\/07\/P-VANGOHN3.png?resize=233%2C300&amp;ssl=1 233w, https:\/\/i0.wp.com\/politicosaldesnudo.com.mx\/wp-content\/uploads\/2022\/07\/P-VANGOHN3.png?resize=768%2C988&amp;ssl=1 768w, https:\/\/i0.wp.com\/politicosaldesnudo.com.mx\/wp-content\/uploads\/2022\/07\/P-VANGOHN3.png?resize=1194%2C1536&amp;ssl=1 1194w, https:\/\/i0.wp.com\/politicosaldesnudo.com.mx\/wp-content\/uploads\/2022\/07\/P-VANGOHN3.png?w=1200&amp;ssl=1 1200w\" sizes=\"auto, (max-width: 796px) 100vw, 796px\" \/><\/p>\n<p>&nbsp;<\/p>\n<p class=\"p1\"><span style=\"font-size: 18pt; color: #139eca;\"><strong>SOBRE EL DESCUBRIMIENTO<\/strong><\/span><\/p>\n<blockquote>\n<p class=\"p1\"><span style=\"font-size: 14pt;\">El lienzo muestra a un hombre barbudo sentado con un sombrero y un pa\u00f1uelo en el cuello. Su oreja izquierda -que el pintor se cort\u00f3 en 1888-\u00a0se ve perfectamente: \u201cCuando vimos la radiograf\u00eda por primera vez, por supuesto que est\u00e1bamos muy emocionados. Este tipo de descubrimiento solo ocurre una o dos veces en la vida de un conservador\u201d, explic\u00f3 Lesley Stevenson, conservadora principal de la Galer\u00eda Nacional de Escocia.<\/span><\/p>\n<\/blockquote>\n<p>&nbsp;<\/p>\n<blockquote>\n<p class=\"p1\"><span style=\"font-size: 14pt;\">Momentos as\u00ed son incre\u00edblemente excepcionales\u00bb, dijo por su parte Frances Fowle, conservador en la Galer\u00eda Nacional de Escocia.<\/span><\/p>\n<\/blockquote>\n<p class=\"p1\"><span style=\"font-size: 18pt;\"><strong>Hemos descubierto una obra in\u00e9dita de Vincent Van Gogh, uno de los artistas m\u00e1s importantes y m\u00e1s conocidos del mundo\u201d, a\u00f1adi\u00f3. Hasta ahora, el museo contaba con tres obras del artista.<\/strong><\/span><\/p>\n<p><img data-recalc-dims=\"1\" loading=\"lazy\" decoding=\"async\" class=\"aligncenter wp-image-7981 size-large\" src=\"https:\/\/i0.wp.com\/politicosaldesnudo.com.mx\/wp-content\/uploads\/2022\/07\/P-VANGOHN1-1024x573.png?resize=800%2C448&#038;ssl=1\" alt=\"\" width=\"800\" height=\"448\" srcset=\"https:\/\/i0.wp.com\/politicosaldesnudo.com.mx\/wp-content\/uploads\/2022\/07\/P-VANGOHN1.png?resize=1024%2C573&amp;ssl=1 1024w, https:\/\/i0.wp.com\/politicosaldesnudo.com.mx\/wp-content\/uploads\/2022\/07\/P-VANGOHN1.png?resize=300%2C168&amp;ssl=1 300w, https:\/\/i0.wp.com\/politicosaldesnudo.com.mx\/wp-content\/uploads\/2022\/07\/P-VANGOHN1.png?resize=768%2C430&amp;ssl=1 768w, https:\/\/i0.wp.com\/politicosaldesnudo.com.mx\/wp-content\/uploads\/2022\/07\/P-VANGOHN1.png?resize=1536%2C859&amp;ssl=1 1536w, https:\/\/i0.wp.com\/politicosaldesnudo.com.mx\/wp-content\/uploads\/2022\/07\/P-VANGOHN1.png?w=1816&amp;ssl=1 1816w, https:\/\/i0.wp.com\/politicosaldesnudo.com.mx\/wp-content\/uploads\/2022\/07\/P-VANGOHN1.png?w=1600&amp;ssl=1 1600w\" sizes=\"auto, (max-width: 800px) 100vw, 800px\" \/><\/p>\n<p>&nbsp;<\/p>\n<p><span style=\"font-size: 18pt;\"><strong>Van Gogh (1853-1890) es conocido por haber reutilizado las telas para ahorrar dinero, sobre todo en los inicios de su carrera. Le daba la vuelta al lienzo y pintaba por el otro lado. En 1885, viv\u00eda en los Pa\u00edses Bajos, y su estilo estaba en plena evoluci\u00f3n, cinco a\u00f1os despu\u00e9s de haberse inscrito en la Academia Real de Bellas Artes de Bruselas.<\/strong><\/span><\/p>\n<p class=\"p1\"><span style=\"font-size: 14pt;\">El autorretrato, que ser\u00e1 hasta el 13 de noviembre la pieza estrella de la exposici\u00f3n \u201cA taste for Impressionism\u201d (Un gusto por el impresionismo) de la Galer\u00eda Nacional de Escocia, habr\u00eda sido\u00a0pintado un poco despu\u00e9s, tras su paso por Par\u00eds, donde se instal\u00f3 en 1886 y descubri\u00f3 a los impresionistas.<\/span><\/p>\n<p class=\"p1\"><span style=\"font-size: 14pt;\">Ahora, los expertos est\u00e1n estudiando c\u00f3mo se podr\u00edan separar las dos pinturas, tras haber retirado el adhesivo y el cart\u00f3n, un trabajo muy delicado si no se quiere da\u00f1ar el \u201cRetrato de una campesina\u201d.<\/span><\/p>\n<p class=\"p1\"><span style=\"font-size: 14pt;\">Recordemos que Van Gogh, un pintor atormentado\u00a0aquejado de una enfermedad mental en sus \u00faltimos a\u00f1os, fue\u00a0autor de m\u00e1s de\u00a02 mil pinturas, dibujos y croquis, aunque obtuvo muy poco reconocimiento mientras estuvo en vida. Muri\u00f3 en Francia a los 37 a\u00f1os, tras haberse disparado en el pecho con un rev\u00f3lver.<\/span><\/p>\n<p>&nbsp;<\/p>\n<p>&nbsp;<\/p>\n<p>&nbsp;<\/p>\n<p>&nbsp;<\/p>\n<p>&nbsp;<\/p>\n","protected":false},"excerpt":{"rendered":"<p>&nbsp; ESCOCIA, Edimburgo. Un autorretrato in\u00e9dito de Vincent Van Gogh de m\u00e1s de un siglo de antig\u00fcedad fue hallado detr\u00e1s<\/p>\n","protected":false},"author":4,"featured_media":7982,"comment_status":"closed","ping_status":"closed","sticky":false,"template":"","format":"standard","meta":{"colormag_page_container_layout":"default_layout","colormag_page_sidebar_layout":"default_layout","_jetpack_memberships_contains_paid_content":false,"footnotes":"","jetpack_publicize_message":"","jetpack_publicize_feature_enabled":true,"jetpack_social_post_already_shared":false,"jetpack_social_options":{"image_generator_settings":{"template":"highway","default_image_id":0,"font":"","enabled":false},"version":2}},"categories":[474],"tags":[1177,1175,1176,1174],"class_list":["post-7980","post","type-post","status-publish","format-standard","has-post-thumbnail","hentry","category-cultura","tag-galeria-nacional-de-escocia","tag-impresionismo","tag-retrato","tag-van-gogh"],"jetpack_publicize_connections":[],"jetpack_featured_media_url":"https:\/\/i0.wp.com\/politicosaldesnudo.com.mx\/wp-content\/uploads\/2022\/07\/P-VANGOHN2.png?fit=1816%2C1016&ssl=1","jetpack-related-posts":[],"jetpack_sharing_enabled":true,"_links":{"self":[{"href":"https:\/\/politicosaldesnudo.com.mx\/index.php\/wp-json\/wp\/v2\/posts\/7980","targetHints":{"allow":["GET"]}}],"collection":[{"href":"https:\/\/politicosaldesnudo.com.mx\/index.php\/wp-json\/wp\/v2\/posts"}],"about":[{"href":"https:\/\/politicosaldesnudo.com.mx\/index.php\/wp-json\/wp\/v2\/types\/post"}],"author":[{"embeddable":true,"href":"https:\/\/politicosaldesnudo.com.mx\/index.php\/wp-json\/wp\/v2\/users\/4"}],"replies":[{"embeddable":true,"href":"https:\/\/politicosaldesnudo.com.mx\/index.php\/wp-json\/wp\/v2\/comments?post=7980"}],"version-history":[{"count":0,"href":"https:\/\/politicosaldesnudo.com.mx\/index.php\/wp-json\/wp\/v2\/posts\/7980\/revisions"}],"wp:featuredmedia":[{"embeddable":true,"href":"https:\/\/politicosaldesnudo.com.mx\/index.php\/wp-json\/wp\/v2\/media\/7982"}],"wp:attachment":[{"href":"https:\/\/politicosaldesnudo.com.mx\/index.php\/wp-json\/wp\/v2\/media?parent=7980"}],"wp:term":[{"taxonomy":"category","embeddable":true,"href":"https:\/\/politicosaldesnudo.com.mx\/index.php\/wp-json\/wp\/v2\/categories?post=7980"},{"taxonomy":"post_tag","embeddable":true,"href":"https:\/\/politicosaldesnudo.com.mx\/index.php\/wp-json\/wp\/v2\/tags?post=7980"}],"curies":[{"name":"wp","href":"https:\/\/api.w.org\/{rel}","templated":true}]}}